{"id":13425,"date":"2020-04-23T13:10:04","date_gmt":"2020-04-23T11:10:04","guid":{"rendered":"http:\/\/www.radlobby.org\/noe\/?p=13425"},"modified":"2020-04-23T13:12:38","modified_gmt":"2020-04-23T11:12:38","slug":"einkaufen-mit-fahrrad-2020-verschoben-2","status":"publish","type":"post","link":"https:\/\/www.radlobby.org\/noe\/einkaufen-mit-fahrrad-2020-verschoben-2\/","title":{"rendered":"Der Melker Tweedride 2020 ist von Mai auf September verschoben"},"content":{"rendered":"<p>Die Radlobby Melk hat beschlossen, aufgrund der aktuellen Corona-Krise, die eine Durchf\u00fchrung am 9. Mai verhindert, den Melker Tweedride 2020 auf September 2020 zu verschieben (ins Auge gefasst ist Sa. 12. 9.).<\/p>\n<p>Aktuelle Infos zu den Aktivit\u00e4ten der Radlobby Melk, \u00fcber Termine (und Termin-\u00c4nderungen, die aufgrund der Corona-Krise derzeit \u00f6fter notwendig sind)\u00a0 findet ihr jederzeit auch auf der sehr gut betreuten, informativen und unterhaltsamen Facebook-Seite der Radlobby Melk <a href=\"https:\/\/de-de.facebook.com\/radlobbymelk\">https:\/\/de-de.facebook.com\/radlobbymelk<\/a> &#8211; ein regelm\u00e4\u00dfiger Besuch lohnt sich f\u00fcr Fahrradinteressierte &#8211; besonders jene aus Melk aber auch dar\u00fcber hinaus &#8211; jederzeit!<\/p>\n<p>&nbsp;<\/p>\n","protected":false},"excerpt":{"rendered":"<p>Die Radlobby Melk hat beschlossen, aufgrund der aktuellen Corona-Krise, die eine Durchf\u00fchrung am 9. Mai verhindert, den Melker Tweedride 2020 auf September 2020 zu verschieben (ins Auge gefasst ist Sa. 12. 9.). Aktuelle Infos zu den Aktivit\u00e4ten der Radlobby Melk,<\/p>\n","protected":false},"author":10,"featured_media":6080,"comment_status":"closed","ping_status":"closed","sticky":false,"template":"","format":"standard","meta":{"footnotes":""},"categories":[9,20],"tags":[26],"class_list":["post-13425","post","type-post","status-publish","format-standard","has-post-thumbnail","hentry","category-melk","category-niederoesterreich","tag-aktionen"],"yoast_head":"<!-- This site is optimized with the Yoast SEO plugin v26.9 - https:\/\/yoast.com\/product\/yoast-seo-wordpress\/ -->\n<title>Der Melker Tweedride 2020 ist von Mai auf September verschoben - Radlobby Nieder\u00f6sterreich<\/title>\n<meta name=\"robots\" content=\"index, follow, max-snippet:-1, max-image-preview:large, max-video-preview:-1\" \/>\n<link rel=\"canonical\" href=\"https:\/\/www.radlobby.org\/noe\/einkaufen-mit-fahrrad-2020-verschoben-2\/\" \/>\n<meta property=\"og:locale\" content=\"de_DE\" \/>\n<meta property=\"og:type\" content=\"article\" \/>\n<meta property=\"og:title\" content=\"Der Melker Tweedride 2020 ist von Mai auf September verschoben - Radlobby Nieder\u00f6sterreich\" \/>\n<meta property=\"og:description\" content=\"Die Radlobby Melk hat beschlossen, aufgrund der aktuellen Corona-Krise, die eine Durchf\u00fchrung am 9. Mai verhindert, den Melker Tweedride 2020 auf September 2020 zu verschieben (ins Auge gefasst ist Sa. 12. 9.). Aktuelle Infos zu den Aktivit\u00e4ten der Radlobby Melk,\" \/>\n<meta property=\"og:url\" content=\"https:\/\/www.radlobby.org\/noe\/einkaufen-mit-fahrrad-2020-verschoben-2\/\" \/>\n<meta property=\"og:site_name\" content=\"Radlobby Nieder\u00f6sterreich\" \/>\n<meta property=\"article:publisher\" content=\"https:\/\/www.facebook.com\/groups\/radfahren.in.noe\/\" \/>\n<meta property=\"article:published_time\" content=\"2020-04-23T11:10:04+00:00\" \/>\n<meta property=\"article:modified_time\" content=\"2020-04-23T11:12:38+00:00\" \/>\n<meta property=\"og:image\" content=\"https:\/\/www.radlobby.org\/noe\/wp-content\/uploads\/tweedride_melk_125-768x512.jpg\" \/>\n\t<meta property=\"og:image:width\" content=\"768\" \/>\n\t<meta property=\"og:image:height\" content=\"512\" \/>\n\t<meta property=\"og:image:type\" content=\"image\/jpeg\" \/>\n<meta name=\"author\" content=\"Christian H\u00f6ller\" \/>\n<meta name=\"twitter:card\" content=\"summary_large_image\" \/>\n<meta name=\"twitter:label1\" content=\"Verfasst von\" \/>\n\t<meta name=\"twitter:data1\" content=\"Christian H\u00f6ller\" \/>\n<script type=\"application\/ld+json\" class=\"yoast-schema-graph\">{\"@context\":\"https:\/\/schema.org\",\"@graph\":[{\"@type\":\"Article\",\"@id\":\"https:\/\/www.radlobby.org\/noe\/einkaufen-mit-fahrrad-2020-verschoben-2\/#article\",\"isPartOf\":{\"@id\":\"https:\/\/www.radlobby.org\/noe\/einkaufen-mit-fahrrad-2020-verschoben-2\/\"},\"author\":{\"name\":\"Christian H\u00f6ller\",\"@id\":\"https:\/\/www.radlobby.org\/noe\/#\/schema\/person\/9edd0d27788b22085d15e9b4dad58751\"},\"headline\":\"Der Melker Tweedride 2020 ist von Mai auf September verschoben\",\"datePublished\":\"2020-04-23T11:10:04+00:00\",\"dateModified\":\"2020-04-23T11:12:38+00:00\",\"mainEntityOfPage\":{\"@id\":\"https:\/\/www.radlobby.org\/noe\/einkaufen-mit-fahrrad-2020-verschoben-2\/\"},\"wordCount\":103,\"publisher\":{\"@id\":\"https:\/\/www.radlobby.org\/noe\/#organization\"},\"image\":{\"@id\":\"https:\/\/www.radlobby.org\/noe\/einkaufen-mit-fahrrad-2020-verschoben-2\/#primaryimage\"},\"thumbnailUrl\":\"https:\/\/www.radlobby.org\/noe\/wp-content\/uploads\/tweedride_melk_125.jpg\",\"keywords\":[\"Aktionen\"],\"articleSection\":[\"Radlobby Melk\",\"Radlobby Nieder\u00f6sterreich\"],\"inLanguage\":\"de\"},{\"@type\":\"WebPage\",\"@id\":\"https:\/\/www.radlobby.org\/noe\/einkaufen-mit-fahrrad-2020-verschoben-2\/\",\"url\":\"https:\/\/www.radlobby.org\/noe\/einkaufen-mit-fahrrad-2020-verschoben-2\/\",\"name\":\"Der Melker Tweedride 2020 ist von Mai auf September verschoben - Radlobby Nieder\u00f6sterreich\",\"isPartOf\":{\"@id\":\"https:\/\/www.radlobby.org\/noe\/#website\"},\"primaryImageOfPage\":{\"@id\":\"https:\/\/www.radlobby.org\/noe\/einkaufen-mit-fahrrad-2020-verschoben-2\/#primaryimage\"},\"image\":{\"@id\":\"https:\/\/www.radlobby.org\/noe\/einkaufen-mit-fahrrad-2020-verschoben-2\/#primaryimage\"},\"thumbnailUrl\":\"https:\/\/www.radlobby.org\/noe\/wp-content\/uploads\/tweedride_melk_125.jpg\",\"datePublished\":\"2020-04-23T11:10:04+00:00\",\"dateModified\":\"2020-04-23T11:12:38+00:00\",\"breadcrumb\":{\"@id\":\"https:\/\/www.radlobby.org\/noe\/einkaufen-mit-fahrrad-2020-verschoben-2\/#breadcrumb\"},\"inLanguage\":\"de\",\"potentialAction\":[{\"@type\":\"ReadAction\",\"target\":[\"https:\/\/www.radlobby.org\/noe\/einkaufen-mit-fahrrad-2020-verschoben-2\/\"]}]},{\"@type\":\"ImageObject\",\"inLanguage\":\"de\",\"@id\":\"https:\/\/www.radlobby.org\/noe\/einkaufen-mit-fahrrad-2020-verschoben-2\/#primaryimage\",\"url\":\"https:\/\/www.radlobby.org\/noe\/wp-content\/uploads\/tweedride_melk_125.jpg\",\"contentUrl\":\"https:\/\/www.radlobby.org\/noe\/wp-content\/uploads\/tweedride_melk_125.jpg\",\"width\":3600,\"height\":2400},{\"@type\":\"BreadcrumbList\",\"@id\":\"https:\/\/www.radlobby.org\/noe\/einkaufen-mit-fahrrad-2020-verschoben-2\/#breadcrumb\",\"itemListElement\":[{\"@type\":\"ListItem\",\"position\":1,\"name\":\"Startseite\",\"item\":\"https:\/\/www.radlobby.org\/noe\/\"},{\"@type\":\"ListItem\",\"position\":2,\"name\":\"Der Melker Tweedride 2020 ist von Mai auf September verschoben\"}]},{\"@type\":\"WebSite\",\"@id\":\"https:\/\/www.radlobby.org\/noe\/#website\",\"url\":\"https:\/\/www.radlobby.org\/noe\/\",\"name\":\"Radlobby Nieder\u00f6sterreich\",\"description\":\"Radverkehr, Fahrrad, Radfahren, Radreisen, Radtouren, Radweg\",\"publisher\":{\"@id\":\"https:\/\/www.radlobby.org\/noe\/#organization\"},\"potentialAction\":[{\"@type\":\"SearchAction\",\"target\":{\"@type\":\"EntryPoint\",\"urlTemplate\":\"https:\/\/www.radlobby.org\/noe\/?s={search_term_string}\"},\"query-input\":{\"@type\":\"PropertyValueSpecification\",\"valueRequired\":true,\"valueName\":\"search_term_string\"}}],\"inLanguage\":\"de\"},{\"@type\":\"Organization\",\"@id\":\"https:\/\/www.radlobby.org\/noe\/#organization\",\"name\":\"Radlobby Nieder\u00f6sterreich\",\"url\":\"https:\/\/www.radlobby.org\/noe\/\",\"logo\":{\"@type\":\"ImageObject\",\"inLanguage\":\"de\",\"@id\":\"https:\/\/www.radlobby.org\/noe\/#\/schema\/logo\/image\/\",\"url\":\"https:\/\/www.radlobby.org\/noe\/wp-content\/uploads\/2017\/01\/cropped-Logo_Radlobby_Niederoesterreich_50-400px_quer-1.jpg\",\"contentUrl\":\"https:\/\/www.radlobby.org\/noe\/wp-content\/uploads\/2017\/01\/cropped-Logo_Radlobby_Niederoesterreich_50-400px_quer-1.jpg\",\"width\":450,\"height\":124,\"caption\":\"Radlobby Nieder\u00f6sterreich\"},\"image\":{\"@id\":\"https:\/\/www.radlobby.org\/noe\/#\/schema\/logo\/image\/\"},\"sameAs\":[\"https:\/\/www.facebook.com\/groups\/radfahren.in.noe\/\"]},{\"@type\":\"Person\",\"@id\":\"https:\/\/www.radlobby.org\/noe\/#\/schema\/person\/9edd0d27788b22085d15e9b4dad58751\",\"name\":\"Christian H\u00f6ller\",\"image\":{\"@type\":\"ImageObject\",\"inLanguage\":\"de\",\"@id\":\"https:\/\/www.radlobby.org\/noe\/#\/schema\/person\/image\/\",\"url\":\"https:\/\/secure.gravatar.com\/avatar\/7d22484a7ff001a2124b9145038af080348d51ac7e445cb4831a25cbdc57e0b9?s=96&d=mm&r=g\",\"contentUrl\":\"https:\/\/secure.gravatar.com\/avatar\/7d22484a7ff001a2124b9145038af080348d51ac7e445cb4831a25cbdc57e0b9?s=96&d=mm&r=g\",\"caption\":\"Christian H\u00f6ller\"},\"url\":\"https:\/\/www.radlobby.org\/noe\/author\/christianhoeller\/\"}]}<\/script>\n<!-- \/ Yoast SEO plugin. -->","yoast_head_json":{"title":"Der Melker Tweedride 2020 ist von Mai auf September verschoben - Radlobby Nieder\u00f6sterreich","robots":{"index":"index","follow":"follow","max-snippet":"max-snippet:-1","max-image-preview":"max-image-preview:large","max-video-preview":"max-video-preview:-1"},"canonical":"https:\/\/www.radlobby.org\/noe\/einkaufen-mit-fahrrad-2020-verschoben-2\/","og_locale":"de_DE","og_type":"article","og_title":"Der Melker Tweedride 2020 ist von Mai auf September verschoben - Radlobby Nieder\u00f6sterreich","og_description":"Die Radlobby Melk hat beschlossen, aufgrund der aktuellen Corona-Krise, die eine Durchf\u00fchrung am 9. Mai verhindert, den Melker Tweedride 2020 auf September 2020 zu verschieben (ins Auge gefasst ist Sa. 12. 9.). Aktuelle Infos zu den Aktivit\u00e4ten der Radlobby Melk,","og_url":"https:\/\/www.radlobby.org\/noe\/einkaufen-mit-fahrrad-2020-verschoben-2\/","og_site_name":"Radlobby Nieder\u00f6sterreich","article_publisher":"https:\/\/www.facebook.com\/groups\/radfahren.in.noe\/","article_published_time":"2020-04-23T11:10:04+00:00","article_modified_time":"2020-04-23T11:12:38+00:00","og_image":[{"width":768,"height":512,"url":"https:\/\/www.radlobby.org\/noe\/wp-content\/uploads\/tweedride_melk_125-768x512.jpg","type":"image\/jpeg"}],"author":"Christian H\u00f6ller","twitter_card":"summary_large_image","twitter_misc":{"Verfasst von":"Christian H\u00f6ller"},"schema":{"@context":"https:\/\/schema.org","@graph":[{"@type":"Article","@id":"https:\/\/www.radlobby.org\/noe\/einkaufen-mit-fahrrad-2020-verschoben-2\/#article","isPartOf":{"@id":"https:\/\/www.radlobby.org\/noe\/einkaufen-mit-fahrrad-2020-verschoben-2\/"},"author":{"name":"Christian H\u00f6ller","@id":"https:\/\/www.radlobby.org\/noe\/#\/schema\/person\/9edd0d27788b22085d15e9b4dad58751"},"headline":"Der Melker Tweedride 2020 ist von Mai auf September verschoben","datePublished":"2020-04-23T11:10:04+00:00","dateModified":"2020-04-23T11:12:38+00:00","mainEntityOfPage":{"@id":"https:\/\/www.radlobby.org\/noe\/einkaufen-mit-fahrrad-2020-verschoben-2\/"},"wordCount":103,"publisher":{"@id":"https:\/\/www.radlobby.org\/noe\/#organization"},"image":{"@id":"https:\/\/www.radlobby.org\/noe\/einkaufen-mit-fahrrad-2020-verschoben-2\/#primaryimage"},"thumbnailUrl":"https:\/\/www.radlobby.org\/noe\/wp-content\/uploads\/tweedride_melk_125.jpg","keywords":["Aktionen"],"articleSection":["Radlobby Melk","Radlobby Nieder\u00f6sterreich"],"inLanguage":"de"},{"@type":"WebPage","@id":"https:\/\/www.radlobby.org\/noe\/einkaufen-mit-fahrrad-2020-verschoben-2\/","url":"https:\/\/www.radlobby.org\/noe\/einkaufen-mit-fahrrad-2020-verschoben-2\/","name":"Der Melker Tweedride 2020 ist von Mai auf September verschoben - Radlobby Nieder\u00f6sterreich","isPartOf":{"@id":"https:\/\/www.radlobby.org\/noe\/#website"},"primaryImageOfPage":{"@id":"https:\/\/www.radlobby.org\/noe\/einkaufen-mit-fahrrad-2020-verschoben-2\/#primaryimage"},"image":{"@id":"https:\/\/www.radlobby.org\/noe\/einkaufen-mit-fahrrad-2020-verschoben-2\/#primaryimage"},"thumbnailUrl":"https:\/\/www.radlobby.org\/noe\/wp-content\/uploads\/tweedride_melk_125.jpg","datePublished":"2020-04-23T11:10:04+00:00","dateModified":"2020-04-23T11:12:38+00:00","breadcrumb":{"@id":"https:\/\/www.radlobby.org\/noe\/einkaufen-mit-fahrrad-2020-verschoben-2\/#breadcrumb"},"inLanguage":"de","potentialAction":[{"@type":"ReadAction","target":["https:\/\/www.radlobby.org\/noe\/einkaufen-mit-fahrrad-2020-verschoben-2\/"]}]},{"@type":"ImageObject","inLanguage":"de","@id":"https:\/\/www.radlobby.org\/noe\/einkaufen-mit-fahrrad-2020-verschoben-2\/#primaryimage","url":"https:\/\/www.radlobby.org\/noe\/wp-content\/uploads\/tweedride_melk_125.jpg","contentUrl":"https:\/\/www.radlobby.org\/noe\/wp-content\/uploads\/tweedride_melk_125.jpg","width":3600,"height":2400},{"@type":"BreadcrumbList","@id":"https:\/\/www.radlobby.org\/noe\/einkaufen-mit-fahrrad-2020-verschoben-2\/#breadcrumb","itemListElement":[{"@type":"ListItem","position":1,"name":"Startseite","item":"https:\/\/www.radlobby.org\/noe\/"},{"@type":"ListItem","position":2,"name":"Der Melker Tweedride 2020 ist von Mai auf September verschoben"}]},{"@type":"WebSite","@id":"https:\/\/www.radlobby.org\/noe\/#website","url":"https:\/\/www.radlobby.org\/noe\/","name":"Radlobby Nieder\u00f6sterreich","description":"Radverkehr, Fahrrad, Radfahren, Radreisen, Radtouren, Radweg","publisher":{"@id":"https:\/\/www.radlobby.org\/noe\/#organization"},"potentialAction":[{"@type":"SearchAction","target":{"@type":"EntryPoint","urlTemplate":"https:\/\/www.radlobby.org\/noe\/?s={search_term_string}"},"query-input":{"@type":"PropertyValueSpecification","valueRequired":true,"valueName":"search_term_string"}}],"inLanguage":"de"},{"@type":"Organization","@id":"https:\/\/www.radlobby.org\/noe\/#organization","name":"Radlobby Nieder\u00f6sterreich","url":"https:\/\/www.radlobby.org\/noe\/","logo":{"@type":"ImageObject","inLanguage":"de","@id":"https:\/\/www.radlobby.org\/noe\/#\/schema\/logo\/image\/","url":"https:\/\/www.radlobby.org\/noe\/wp-content\/uploads\/2017\/01\/cropped-Logo_Radlobby_Niederoesterreich_50-400px_quer-1.jpg","contentUrl":"https:\/\/www.radlobby.org\/noe\/wp-content\/uploads\/2017\/01\/cropped-Logo_Radlobby_Niederoesterreich_50-400px_quer-1.jpg","width":450,"height":124,"caption":"Radlobby Nieder\u00f6sterreich"},"image":{"@id":"https:\/\/www.radlobby.org\/noe\/#\/schema\/logo\/image\/"},"sameAs":["https:\/\/www.facebook.com\/groups\/radfahren.in.noe\/"]},{"@type":"Person","@id":"https:\/\/www.radlobby.org\/noe\/#\/schema\/person\/9edd0d27788b22085d15e9b4dad58751","name":"Christian H\u00f6ller","image":{"@type":"ImageObject","inLanguage":"de","@id":"https:\/\/www.radlobby.org\/noe\/#\/schema\/person\/image\/","url":"https:\/\/secure.gravatar.com\/avatar\/7d22484a7ff001a2124b9145038af080348d51ac7e445cb4831a25cbdc57e0b9?s=96&d=mm&r=g","contentUrl":"https:\/\/secure.gravatar.com\/avatar\/7d22484a7ff001a2124b9145038af080348d51ac7e445cb4831a25cbdc57e0b9?s=96&d=mm&r=g","caption":"Christian H\u00f6ller"},"url":"https:\/\/www.radlobby.org\/noe\/author\/christianhoeller\/"}]}},"_links":{"self":[{"href":"https:\/\/www.radlobby.org\/noe\/wp-json\/wp\/v2\/posts\/13425","targetHints":{"allow":["GET"]}}],"collection":[{"href":"https:\/\/www.radlobby.org\/noe\/wp-json\/wp\/v2\/posts"}],"about":[{"href":"https:\/\/www.radlobby.org\/noe\/wp-json\/wp\/v2\/types\/post"}],"author":[{"embeddable":true,"href":"https:\/\/www.radlobby.org\/noe\/wp-json\/wp\/v2\/users\/10"}],"replies":[{"embeddable":true,"href":"https:\/\/www.radlobby.org\/noe\/wp-json\/wp\/v2\/comments?post=13425"}],"version-history":[{"count":0,"href":"https:\/\/www.radlobby.org\/noe\/wp-json\/wp\/v2\/posts\/13425\/revisions"}],"wp:featuredmedia":[{"embeddable":true,"href":"https:\/\/www.radlobby.org\/noe\/wp-json\/wp\/v2\/media\/6080"}],"wp:attachment":[{"href":"https:\/\/www.radlobby.org\/noe\/wp-json\/wp\/v2\/media?parent=13425"}],"wp:term":[{"taxonomy":"category","embeddable":true,"href":"https:\/\/www.radlobby.org\/noe\/wp-json\/wp\/v2\/categories?post=13425"},{"taxonomy":"post_tag","embeddable":true,"href":"https:\/\/www.radlobby.org\/noe\/wp-json\/wp\/v2\/tags?post=13425"}],"curies":[{"name":"wp","href":"https:\/\/api.w.org\/{rel}","templated":true}]}}