{"id":12896,"date":"2020-03-10T21:19:11","date_gmt":"2020-03-10T20:19:11","guid":{"rendered":"http:\/\/www.radlobby.org\/noe\/?p=12896"},"modified":"2020-04-05T21:33:41","modified_gmt":"2020-04-05T19:33:41","slug":"wolkersdorfer-radtriathlon","status":"publish","type":"post","link":"https:\/\/www.radlobby.org\/noe\/wolkersdorfer-radtriathlon\/","title":{"rendered":"Wolkersdorfer Radtriathlon"},"content":{"rendered":"<h1>Wegen Ma\u00dfnahmen zur Eind\u00e4mmung<br \/>\nder Verbreitung des Coronavirus abgesagt<\/h1>\n<p><strong>Radln &#8211; Raten &#8211; (T)Ratschen<\/strong> \u2013 das sind die drei Jux-Disziplinen des RadTriathlons.<\/p>\n<p>Der<\/p>\n<h2>RadTriathlon am 19.4.2020<\/h2>\n<p>f\u00fchrt im zu den vielen Gastronomie- und Heurigenbetrieben in der Stadtgemeinde Wolkersdorf.<\/p>\n<p>Gestartet wird ab 11:00 Uhr bei einem der teilnehmenden Betriebe (Information folgt). Danach gilt es, sechs Betriebe anzufahren und die Teilnahmekarte abstempeln zu lassen.<\/p>\n<p>Mit sechs Stempeln und den (richtig) gel\u00f6sten Quizfragen nehmen die flei\u00dfigsten Radler.innen an der Verlosung teil. Die familienfreundliche Veranstaltung ist &#8211; unabh\u00e4ngig von der Kondition &#8211; f\u00fcr Radfahrer aller Altersgruppen geeignet. Sportliche Radler.innen k\u00f6nnen beispielsweise die etwas anspruchsvollere Route nach M\u00fcnichsthal fahren.<\/p>\n<p>Die Verlosung findet im Rahmen der Abschlussveranstaltung ab 15:30 Uhr im Schloss statt.<\/p>\n<h2>Langsamfahrwettbewerb<\/h2>\n<p>Die Radlobby veranstaltet bei der Schlussstation ab 14.30 Uhr am Schlossplatz einen Langsamfahrwettbewerb unter den Teilnehmerinnen und Teilnehmern.<br \/>\nEs geht darum, eine Strecke von 5 m m\u00f6glichst langsam zu fahren. Gefahren wird paarweise. Der\/Die Langsamere gewinnt einen kleinen Preis.<br \/>\nDa ist Geschicklichkeit und Gleichgewichtsgef\u00fchl gefragt.<br \/>\nAm besten gleich ausprobieren und dann am 19.4.2020 mitmachen und gewinnen.<\/p>\n<h2>Infostand der Radlobby<\/h2>\n<p>Wer sich \u00fcber die Aktivit\u00e4ten der Radlobby informieren will, Anregungen zum Alltagsradeln hat, vielleicht Mitglied bei der Radlobby werden m\u00f6chte, kommt zu unserem Infostand bei der Schlussstation.<\/p>\n","protected":false},"excerpt":{"rendered":"<p>Wegen Ma\u00dfnahmen zur Eind\u00e4mmung der Verbreitung des Coronavirus abgesagt Radln &#8211; Raten &#8211; (T)Ratschen \u2013 das sind die drei Jux-Disziplinen des RadTriathlons. Der RadTriathlon am 19.4.2020 f\u00fchrt im zu den vielen Gastronomie- und Heurigenbetrieben in der Stadtgemeinde Wolkersdorf. Gestartet wird<\/p>\n","protected":false},"author":3,"featured_media":5079,"comment_status":"closed","ping_status":"closed","sticky":false,"template":"","format":"standard","meta":{"footnotes":""},"categories":[16],"tags":[326],"class_list":["post-12896","post","type-post","status-publish","format-standard","has-post-thumbnail","hentry","category-wolkersdorf","tag-radthriatlon"],"yoast_head":"<!-- This site is optimized with the Yoast SEO plugin v28.3 - https:\/\/yoast.com\/product\/yoast-seo-wordpress\/ -->\n<title>Wolkersdorfer Radtriathlon - Radlobby Nieder\u00f6sterreich<\/title>\n<meta name=\"robots\" content=\"index, follow, max-snippet:-1, max-image-preview:large, max-video-preview:-1\" \/>\n<link rel=\"canonical\" href=\"https:\/\/www.radlobby.org\/noe\/wolkersdorfer-radtriathlon\/\" \/>\n<meta property=\"og:locale\" content=\"de_DE\" \/>\n<meta property=\"og:type\" content=\"article\" \/>\n<meta property=\"og:title\" content=\"Wolkersdorfer Radtriathlon - Radlobby Nieder\u00f6sterreich\" \/>\n<meta property=\"og:description\" content=\"Wegen Ma\u00dfnahmen zur Eind\u00e4mmung der Verbreitung des Coronavirus abgesagt Radln &#8211; Raten &#8211; (T)Ratschen \u2013 das sind die drei Jux-Disziplinen des RadTriathlons. Der RadTriathlon am 19.4.2020 f\u00fchrt im zu den vielen Gastronomie- und Heurigenbetrieben in der Stadtgemeinde Wolkersdorf. Gestartet wird\" \/>\n<meta property=\"og:url\" content=\"https:\/\/www.radlobby.org\/noe\/wolkersdorfer-radtriathlon\/\" \/>\n<meta property=\"og:site_name\" content=\"Radlobby Nieder\u00f6sterreich\" \/>\n<meta property=\"article:publisher\" content=\"https:\/\/www.facebook.com\/groups\/radfahren.in.noe\/\" \/>\n<meta property=\"article:published_time\" content=\"2020-03-10T20:19:11+00:00\" \/>\n<meta property=\"article:modified_time\" content=\"2020-04-05T19:33:41+00:00\" \/>\n<meta property=\"og:image\" content=\"https:\/\/www.radlobby.org\/noe\/wp-content\/uploads\/Logo_Radlobby_Wolkersdorf_RGB_5cm_300dpi_hoch-1.jpg\" \/>\n\t<meta property=\"og:image:width\" content=\"655\" \/>\n\t<meta property=\"og:image:height\" content=\"475\" \/>\n\t<meta property=\"og:image:type\" content=\"image\/jpeg\" \/>\n<meta name=\"author\" content=\"Hermann Hiebner\" \/>\n<meta name=\"twitter:card\" content=\"summary_large_image\" \/>\n<meta name=\"twitter:label1\" content=\"Verfasst von\" \/>\n\t<meta name=\"twitter:data1\" content=\"Hermann Hiebner\" \/>\n\t<meta name=\"twitter:label2\" content=\"Gesch\u00e4tzte Lesezeit\" \/>\n\t<meta name=\"twitter:data2\" content=\"1\u00a0Minute\" \/>\n<script type=\"application\/ld+json\" class=\"yoast-schema-graph\">{\"@context\":\"https:\\\/\\\/schema.org\",\"@graph\":[{\"@type\":\"Article\",\"@id\":\"https:\\\/\\\/www.radlobby.org\\\/noe\\\/wolkersdorfer-radtriathlon\\\/#article\",\"isPartOf\":{\"@id\":\"https:\\\/\\\/www.radlobby.org\\\/noe\\\/wolkersdorfer-radtriathlon\\\/\"},\"author\":{\"name\":\"Hermann Hiebner\",\"@id\":\"https:\\\/\\\/www.radlobby.org\\\/noe\\\/#\\\/schema\\\/person\\\/c91605b70aca449bea4cb27190b0dbe2\"},\"headline\":\"Wolkersdorfer Radtriathlon\",\"datePublished\":\"2020-03-10T20:19:11+00:00\",\"dateModified\":\"2020-04-05T19:33:41+00:00\",\"mainEntityOfPage\":{\"@id\":\"https:\\\/\\\/www.radlobby.org\\\/noe\\\/wolkersdorfer-radtriathlon\\\/\"},\"wordCount\":216,\"publisher\":{\"@id\":\"https:\\\/\\\/www.radlobby.org\\\/noe\\\/#organization\"},\"image\":{\"@id\":\"https:\\\/\\\/www.radlobby.org\\\/noe\\\/wolkersdorfer-radtriathlon\\\/#primaryimage\"},\"thumbnailUrl\":\"https:\\\/\\\/www.radlobby.org\\\/noe\\\/wp-content\\\/uploads\\\/Logo_Radlobby_Wolkersdorf_RGB_5cm_300dpi_hoch-1.jpg\",\"keywords\":[\"Radthriatlon\"],\"articleSection\":[\"Radlobby Wolkersdorf\"],\"inLanguage\":\"de\"},{\"@type\":\"WebPage\",\"@id\":\"https:\\\/\\\/www.radlobby.org\\\/noe\\\/wolkersdorfer-radtriathlon\\\/\",\"url\":\"https:\\\/\\\/www.radlobby.org\\\/noe\\\/wolkersdorfer-radtriathlon\\\/\",\"name\":\"Wolkersdorfer Radtriathlon - Radlobby Nieder\u00f6sterreich\",\"isPartOf\":{\"@id\":\"https:\\\/\\\/www.radlobby.org\\\/noe\\\/#website\"},\"primaryImageOfPage\":{\"@id\":\"https:\\\/\\\/www.radlobby.org\\\/noe\\\/wolkersdorfer-radtriathlon\\\/#primaryimage\"},\"image\":{\"@id\":\"https:\\\/\\\/www.radlobby.org\\\/noe\\\/wolkersdorfer-radtriathlon\\\/#primaryimage\"},\"thumbnailUrl\":\"https:\\\/\\\/www.radlobby.org\\\/noe\\\/wp-content\\\/uploads\\\/Logo_Radlobby_Wolkersdorf_RGB_5cm_300dpi_hoch-1.jpg\",\"datePublished\":\"2020-03-10T20:19:11+00:00\",\"dateModified\":\"2020-04-05T19:33:41+00:00\",\"breadcrumb\":{\"@id\":\"https:\\\/\\\/www.radlobby.org\\\/noe\\\/wolkersdorfer-radtriathlon\\\/#breadcrumb\"},\"inLanguage\":\"de\",\"potentialAction\":[{\"@type\":\"ReadAction\",\"target\":[\"https:\\\/\\\/www.radlobby.org\\\/noe\\\/wolkersdorfer-radtriathlon\\\/\"]}]},{\"@type\":\"ImageObject\",\"inLanguage\":\"de\",\"@id\":\"https:\\\/\\\/www.radlobby.org\\\/noe\\\/wolkersdorfer-radtriathlon\\\/#primaryimage\",\"url\":\"https:\\\/\\\/www.radlobby.org\\\/noe\\\/wp-content\\\/uploads\\\/Logo_Radlobby_Wolkersdorf_RGB_5cm_300dpi_hoch-1.jpg\",\"contentUrl\":\"https:\\\/\\\/www.radlobby.org\\\/noe\\\/wp-content\\\/uploads\\\/Logo_Radlobby_Wolkersdorf_RGB_5cm_300dpi_hoch-1.jpg\",\"width\":655,\"height\":475},{\"@type\":\"BreadcrumbList\",\"@id\":\"https:\\\/\\\/www.radlobby.org\\\/noe\\\/wolkersdorfer-radtriathlon\\\/#breadcrumb\",\"itemListElement\":[{\"@type\":\"ListItem\",\"position\":1,\"name\":\"Startseite\",\"item\":\"https:\\\/\\\/www.radlobby.org\\\/noe\\\/\"},{\"@type\":\"ListItem\",\"position\":2,\"name\":\"Wolkersdorfer Radtriathlon\"}]},{\"@type\":\"WebSite\",\"@id\":\"https:\\\/\\\/www.radlobby.org\\\/noe\\\/#website\",\"url\":\"https:\\\/\\\/www.radlobby.org\\\/noe\\\/\",\"name\":\"Radlobby Nieder\u00f6sterreich\",\"description\":\"Radverkehr, Fahrrad, Radfahren, Radreisen, Radtouren, Radweg\",\"publisher\":{\"@id\":\"https:\\\/\\\/www.radlobby.org\\\/noe\\\/#organization\"},\"potentialAction\":[{\"@type\":\"SearchAction\",\"target\":{\"@type\":\"EntryPoint\",\"urlTemplate\":\"https:\\\/\\\/www.radlobby.org\\\/noe\\\/?s={search_term_string}\"},\"query-input\":{\"@type\":\"PropertyValueSpecification\",\"valueRequired\":true,\"valueName\":\"search_term_string\"}}],\"inLanguage\":\"de\"},{\"@type\":\"Organization\",\"@id\":\"https:\\\/\\\/www.radlobby.org\\\/noe\\\/#organization\",\"name\":\"Radlobby Nieder\u00f6sterreich\",\"url\":\"https:\\\/\\\/www.radlobby.org\\\/noe\\\/\",\"logo\":{\"@type\":\"ImageObject\",\"inLanguage\":\"de\",\"@id\":\"https:\\\/\\\/www.radlobby.org\\\/noe\\\/#\\\/schema\\\/logo\\\/image\\\/\",\"url\":\"https:\\\/\\\/www.radlobby.org\\\/noe\\\/wp-content\\\/uploads\\\/2017\\\/01\\\/cropped-Logo_Radlobby_Niederoesterreich_50-400px_quer-1.jpg\",\"contentUrl\":\"https:\\\/\\\/www.radlobby.org\\\/noe\\\/wp-content\\\/uploads\\\/2017\\\/01\\\/cropped-Logo_Radlobby_Niederoesterreich_50-400px_quer-1.jpg\",\"width\":450,\"height\":124,\"caption\":\"Radlobby Nieder\u00f6sterreich\"},\"image\":{\"@id\":\"https:\\\/\\\/www.radlobby.org\\\/noe\\\/#\\\/schema\\\/logo\\\/image\\\/\"},\"sameAs\":[\"https:\\\/\\\/www.facebook.com\\\/groups\\\/radfahren.in.noe\\\/\"]},{\"@type\":\"Person\",\"@id\":\"https:\\\/\\\/www.radlobby.org\\\/noe\\\/#\\\/schema\\\/person\\\/c91605b70aca449bea4cb27190b0dbe2\",\"name\":\"Hermann Hiebner\",\"image\":{\"@type\":\"ImageObject\",\"inLanguage\":\"de\",\"@id\":\"https:\\\/\\\/secure.gravatar.com\\\/avatar\\\/d9d442cd70d260be25a46bab5f85206043aabce00da594192c593e7d4fc65f72?s=96&d=mm&r=g\",\"url\":\"https:\\\/\\\/secure.gravatar.com\\\/avatar\\\/d9d442cd70d260be25a46bab5f85206043aabce00da594192c593e7d4fc65f72?s=96&d=mm&r=g\",\"contentUrl\":\"https:\\\/\\\/secure.gravatar.com\\\/avatar\\\/d9d442cd70d260be25a46bab5f85206043aabce00da594192c593e7d4fc65f72?s=96&d=mm&r=g\",\"caption\":\"Hermann Hiebner\"},\"url\":\"https:\\\/\\\/www.radlobby.org\\\/noe\\\/author\\\/hermannhiebner\\\/\"}]}<\/script>\n<!-- \/ Yoast SEO plugin. -->","yoast_head_json":{"title":"Wolkersdorfer Radtriathlon - Radlobby Nieder\u00f6sterreich","robots":{"index":"index","follow":"follow","max-snippet":"max-snippet:-1","max-image-preview":"max-image-preview:large","max-video-preview":"max-video-preview:-1"},"canonical":"https:\/\/www.radlobby.org\/noe\/wolkersdorfer-radtriathlon\/","og_locale":"de_DE","og_type":"article","og_title":"Wolkersdorfer Radtriathlon - Radlobby Nieder\u00f6sterreich","og_description":"Wegen Ma\u00dfnahmen zur Eind\u00e4mmung der Verbreitung des Coronavirus abgesagt Radln &#8211; Raten &#8211; (T)Ratschen \u2013 das sind die drei Jux-Disziplinen des RadTriathlons. Der RadTriathlon am 19.4.2020 f\u00fchrt im zu den vielen Gastronomie- und Heurigenbetrieben in der Stadtgemeinde Wolkersdorf. Gestartet wird","og_url":"https:\/\/www.radlobby.org\/noe\/wolkersdorfer-radtriathlon\/","og_site_name":"Radlobby Nieder\u00f6sterreich","article_publisher":"https:\/\/www.facebook.com\/groups\/radfahren.in.noe\/","article_published_time":"2020-03-10T20:19:11+00:00","article_modified_time":"2020-04-05T19:33:41+00:00","og_image":[{"width":655,"height":475,"url":"https:\/\/www.radlobby.org\/noe\/wp-content\/uploads\/Logo_Radlobby_Wolkersdorf_RGB_5cm_300dpi_hoch-1.jpg","type":"image\/jpeg"}],"author":"Hermann Hiebner","twitter_card":"summary_large_image","twitter_misc":{"Verfasst von":"Hermann Hiebner","Gesch\u00e4tzte Lesezeit":"1\u00a0Minute"},"schema":{"@context":"https:\/\/schema.org","@graph":[{"@type":"Article","@id":"https:\/\/www.radlobby.org\/noe\/wolkersdorfer-radtriathlon\/#article","isPartOf":{"@id":"https:\/\/www.radlobby.org\/noe\/wolkersdorfer-radtriathlon\/"},"author":{"name":"Hermann Hiebner","@id":"https:\/\/www.radlobby.org\/noe\/#\/schema\/person\/c91605b70aca449bea4cb27190b0dbe2"},"headline":"Wolkersdorfer Radtriathlon","datePublished":"2020-03-10T20:19:11+00:00","dateModified":"2020-04-05T19:33:41+00:00","mainEntityOfPage":{"@id":"https:\/\/www.radlobby.org\/noe\/wolkersdorfer-radtriathlon\/"},"wordCount":216,"publisher":{"@id":"https:\/\/www.radlobby.org\/noe\/#organization"},"image":{"@id":"https:\/\/www.radlobby.org\/noe\/wolkersdorfer-radtriathlon\/#primaryimage"},"thumbnailUrl":"https:\/\/www.radlobby.org\/noe\/wp-content\/uploads\/Logo_Radlobby_Wolkersdorf_RGB_5cm_300dpi_hoch-1.jpg","keywords":["Radthriatlon"],"articleSection":["Radlobby Wolkersdorf"],"inLanguage":"de"},{"@type":"WebPage","@id":"https:\/\/www.radlobby.org\/noe\/wolkersdorfer-radtriathlon\/","url":"https:\/\/www.radlobby.org\/noe\/wolkersdorfer-radtriathlon\/","name":"Wolkersdorfer Radtriathlon - Radlobby Nieder\u00f6sterreich","isPartOf":{"@id":"https:\/\/www.radlobby.org\/noe\/#website"},"primaryImageOfPage":{"@id":"https:\/\/www.radlobby.org\/noe\/wolkersdorfer-radtriathlon\/#primaryimage"},"image":{"@id":"https:\/\/www.radlobby.org\/noe\/wolkersdorfer-radtriathlon\/#primaryimage"},"thumbnailUrl":"https:\/\/www.radlobby.org\/noe\/wp-content\/uploads\/Logo_Radlobby_Wolkersdorf_RGB_5cm_300dpi_hoch-1.jpg","datePublished":"2020-03-10T20:19:11+00:00","dateModified":"2020-04-05T19:33:41+00:00","breadcrumb":{"@id":"https:\/\/www.radlobby.org\/noe\/wolkersdorfer-radtriathlon\/#breadcrumb"},"inLanguage":"de","potentialAction":[{"@type":"ReadAction","target":["https:\/\/www.radlobby.org\/noe\/wolkersdorfer-radtriathlon\/"]}]},{"@type":"ImageObject","inLanguage":"de","@id":"https:\/\/www.radlobby.org\/noe\/wolkersdorfer-radtriathlon\/#primaryimage","url":"https:\/\/www.radlobby.org\/noe\/wp-content\/uploads\/Logo_Radlobby_Wolkersdorf_RGB_5cm_300dpi_hoch-1.jpg","contentUrl":"https:\/\/www.radlobby.org\/noe\/wp-content\/uploads\/Logo_Radlobby_Wolkersdorf_RGB_5cm_300dpi_hoch-1.jpg","width":655,"height":475},{"@type":"BreadcrumbList","@id":"https:\/\/www.radlobby.org\/noe\/wolkersdorfer-radtriathlon\/#breadcrumb","itemListElement":[{"@type":"ListItem","position":1,"name":"Startseite","item":"https:\/\/www.radlobby.org\/noe\/"},{"@type":"ListItem","position":2,"name":"Wolkersdorfer Radtriathlon"}]},{"@type":"WebSite","@id":"https:\/\/www.radlobby.org\/noe\/#website","url":"https:\/\/www.radlobby.org\/noe\/","name":"Radlobby Nieder\u00f6sterreich","description":"Radverkehr, Fahrrad, Radfahren, Radreisen, Radtouren, Radweg","publisher":{"@id":"https:\/\/www.radlobby.org\/noe\/#organization"},"potentialAction":[{"@type":"SearchAction","target":{"@type":"EntryPoint","urlTemplate":"https:\/\/www.radlobby.org\/noe\/?s={search_term_string}"},"query-input":{"@type":"PropertyValueSpecification","valueRequired":true,"valueName":"search_term_string"}}],"inLanguage":"de"},{"@type":"Organization","@id":"https:\/\/www.radlobby.org\/noe\/#organization","name":"Radlobby Nieder\u00f6sterreich","url":"https:\/\/www.radlobby.org\/noe\/","logo":{"@type":"ImageObject","inLanguage":"de","@id":"https:\/\/www.radlobby.org\/noe\/#\/schema\/logo\/image\/","url":"https:\/\/www.radlobby.org\/noe\/wp-content\/uploads\/2017\/01\/cropped-Logo_Radlobby_Niederoesterreich_50-400px_quer-1.jpg","contentUrl":"https:\/\/www.radlobby.org\/noe\/wp-content\/uploads\/2017\/01\/cropped-Logo_Radlobby_Niederoesterreich_50-400px_quer-1.jpg","width":450,"height":124,"caption":"Radlobby Nieder\u00f6sterreich"},"image":{"@id":"https:\/\/www.radlobby.org\/noe\/#\/schema\/logo\/image\/"},"sameAs":["https:\/\/www.facebook.com\/groups\/radfahren.in.noe\/"]},{"@type":"Person","@id":"https:\/\/www.radlobby.org\/noe\/#\/schema\/person\/c91605b70aca449bea4cb27190b0dbe2","name":"Hermann Hiebner","image":{"@type":"ImageObject","inLanguage":"de","@id":"https:\/\/secure.gravatar.com\/avatar\/d9d442cd70d260be25a46bab5f85206043aabce00da594192c593e7d4fc65f72?s=96&d=mm&r=g","url":"https:\/\/secure.gravatar.com\/avatar\/d9d442cd70d260be25a46bab5f85206043aabce00da594192c593e7d4fc65f72?s=96&d=mm&r=g","contentUrl":"https:\/\/secure.gravatar.com\/avatar\/d9d442cd70d260be25a46bab5f85206043aabce00da594192c593e7d4fc65f72?s=96&d=mm&r=g","caption":"Hermann Hiebner"},"url":"https:\/\/www.radlobby.org\/noe\/author\/hermannhiebner\/"}]}},"_links":{"self":[{"href":"https:\/\/www.radlobby.org\/noe\/wp-json\/wp\/v2\/posts\/12896","targetHints":{"allow":["GET"]}}],"collection":[{"href":"https:\/\/www.radlobby.org\/noe\/wp-json\/wp\/v2\/posts"}],"about":[{"href":"https:\/\/www.radlobby.org\/noe\/wp-json\/wp\/v2\/types\/post"}],"author":[{"embeddable":true,"href":"https:\/\/www.radlobby.org\/noe\/wp-json\/wp\/v2\/users\/3"}],"replies":[{"embeddable":true,"href":"https:\/\/www.radlobby.org\/noe\/wp-json\/wp\/v2\/comments?post=12896"}],"version-history":[{"count":0,"href":"https:\/\/www.radlobby.org\/noe\/wp-json\/wp\/v2\/posts\/12896\/revisions"}],"wp:attachment":[{"href":"https:\/\/www.radlobby.org\/noe\/wp-json\/wp\/v2\/media?parent=12896"}],"wp:term":[{"taxonomy":"category","embeddable":true,"href":"https:\/\/www.radlobby.org\/noe\/wp-json\/wp\/v2\/categories?post=12896"},{"taxonomy":"post_tag","embeddable":true,"href":"https:\/\/www.radlobby.org\/noe\/wp-json\/wp\/v2\/tags?post=12896"}],"curies":[{"name":"wp","href":"https:\/\/api.w.org\/{rel}","templated":true}]}}