{"id":11715,"date":"2000-01-01T10:37:00","date_gmt":"2000-01-01T09:37:00","guid":{"rendered":"http:\/\/www.radlobby.org\/noe\/?p=11715"},"modified":"2019-12-09T10:35:11","modified_gmt":"2019-12-09T09:35:11","slug":"09-08-2019-mustervorlage-fuer-radtouren-einladungen","status":"publish","type":"post","link":"https:\/\/www.radlobby.org\/noe\/09-08-2019-mustervorlage-fuer-radtouren-einladungen\/","title":{"rendered":"09.08.2019 <br>Mustervorlage f\u00fcr Radtouren-Einladungen"},"content":{"rendered":"<p><a href=\"https:\/\/www.radlobby.org\/noe\/wp-content\/uploads\/Kellergasse_1.jpg\" data-src=\"https:\/\/www.radlobby.org\/noe\/wp-content\/uploads\/Kellergasse_1.jpg\" data-thumb=\"http:\/\/www.radlobby.org\/noe\/wp-content\/uploads\/Kellergasse_1-300x203.jpg\" class=\"ml-lightbox-enabled\"><img loading=\"lazy\" decoding=\"async\" class=\"alignnone size-medium wp-image-9713\" src=\"http:\/\/www.radlobby.org\/noe\/wp-content\/uploads\/Kellergasse_1-300x203.jpg\" alt=\"\" width=\"300\" height=\"203\" srcset=\"https:\/\/www.radlobby.org\/noe\/wp-content\/uploads\/Kellergasse_1-300x203.jpg 300w, https:\/\/www.radlobby.org\/noe\/wp-content\/uploads\/Kellergasse_1-768x521.jpg 768w, https:\/\/www.radlobby.org\/noe\/wp-content\/uploads\/Kellergasse_1.jpg 1305w\" sizes=\"auto, (max-width: 300px) 100vw, 300px\" \/><\/a><\/p>\n<p>Die Radtour f\u00fchrt uns durch die Kellergassen in <strong>Pillichsdorf, Bockflie\u00df, Gro\u00dfengersdorf <\/strong>und <strong>Eibesbrunn<\/strong>. Der Abschluss findet in der <strong>Wolkersdorfer<\/strong> Kellergasse im &#8220;Gmoak\u00f6lla&#8221; des Vereins &#8220;K\u00f6llamauna &amp; -weiba&#8221; statt. Hier gibt es dann auch Aufstrichbrote und Weine von Wolkersdorfer Winzern zum Verkosten.<\/p>\n<p>In Gro\u00dfengersdorf machen wir bei einem Keller eine kurze Pause und erhalten ein Erfrischungsgetr\u00e4nk.<\/p>\n<p>Die Radlobby Wolkersdorf veranstaltet diese Tour gemeinsam mit dem Verein &#8220;K\u00f6llamauna &amp; -weiba&#8221;.<br \/>\nBegleiten wird uns Kellergassenf\u00fchrer Herbert Kraus.<\/p>\n<table style=\"border-style: solid; border-color: #d66300; border-width: 2px 0px 2px 0px;\" width=\"100%\" cellspacing=\"0\" cellpadding=\"10\">\n<tbody>\n<tr>\n<td valign=\"top\" bgcolor=\"#f7fbdc\"><strong>Samstag, 5. Oktober 2019<\/strong><\/p>\n<p><strong>Anreise nach Wolkersdorf vom S\u00fcden:<br \/>\n10:38 Uhr<\/strong> \u00d6BB-Abfahrt Bahnhof Wiener Neustadt, Zug <a href=\"http:\/\/fahrplan.oebb.at\/bin\/traininfo.exe\/dn\/711225\/627625\/392220\/40966\/81?ld=21&amp;seqnr=4&amp;ident=o2.03675178.1561895866&amp;date=05.10.2019&amp;station_evaId=8100516&amp;station_type=dep&amp;journeyStartIdx=7&amp;journeyEndIdx=24&amp;backLink=tp&amp;\">R2326<\/a><br \/>\n<strong>11:56 Uhr<\/strong> \u00d6BB-Abfahrt Wien Floridsdorf, S7 Zug <a href=\"http:\/\/fahrplan.oebb.at\/bin\/traininfo.exe\/dn\/968319\/713435\/716178\/35316\/81?ld=21&amp;seqnr=5&amp;ident=o2.03675178.1561895866&amp;date=05.10.2019&amp;station_evaId=8100236&amp;station_type=dep&amp;journeyStartIdx=12&amp;journeyEndIdx=18&amp;backLink=tp&amp;\">24458<\/a><br \/>\n<strong>12:14 Uhr<\/strong> Ankunft Bahnhof Wolkersdorf<\/p>\n<p><strong>Anreise nach Wolkersdorf vom Norden:<\/strong><br \/>\n<strong>11:41 Uhr<\/strong> \u00d6BB-Abfahrt Bahnhof Mistelbach, S7 Zug <a href=\"http:\/\/fahrplan.oebb.at\/bin\/traininfo.exe\/dn\/364053\/512329\/268146\/12722\/81?ld=21&amp;seqnr=4&amp;ident=1a.015676178.1561896187&amp;date=05.10.2019&amp;station_evaId=8101245&amp;station_type=dep&amp;journeyStartIdx=0&amp;journeyEndIdx=8&amp;backLink=tp&amp;\">27505<\/a><br \/>\n<strong>12:11 Uhr<\/strong> Ankunft Bahnhof Wolkersdorf<\/p>\n<p><strong>Start in Wolkersdorf:<\/strong><br \/>\n<strong>13:00\u00a0Uhr<\/strong> \u00a0<a href=\"https:\/\/www.google.at\/maps\/dir\/Bahnhof+Wolkersdorf,+Bahnstra%C3%9Fe,+Wolkersdorf+im+Weinviertel\/Rathaus+Wolkersdorf,+Hauptstra%C3%9Fe,+Wolkersdorf+im+Weinviertel\/@48.3810163,16.5112462,16z\/data=!4m19!4m18!1m10!1m1!1s0x476d1b992a8e0bd7:0xf1fc2dcb51bb9c23!2m2!1d16.5127576!2d48.3790975!3m4!1m2!1d16.5181079!2d48.3815424!3s0x476d1b9a242e4fb9:0xcf06583e5fdb5141!1m5!1m1!1s0x476d1b7ecef7c123:0xc7bc1ad442d756ec!2m2!1d16.5178162!2d48.3831741!3e1\">Rathaus Wolkersdorf<\/a><\/td>\n<\/tr>\n<\/tbody>\n<\/table>\n<p><strong><a href=\"https:\/\/www.radlobby.org\/noe\/wp-content\/uploads\/Radeln_Weingaerten.jpg\" data-src=\"https:\/\/www.radlobby.org\/noe\/wp-content\/uploads\/Radeln_Weingaerten.jpg\" data-thumb=\"http:\/\/www.radlobby.org\/noe\/wp-content\/uploads\/Radeln_Weingaerten.jpg\" class=\"ml-lightbox-enabled\"><img loading=\"lazy\" decoding=\"async\" class=\"alignnone wp-image-6616 \" src=\"http:\/\/www.radlobby.org\/noe\/wp-content\/uploads\/Radeln_Weingaerten.jpg\" alt=\"\" width=\"532\" height=\"220\" srcset=\"https:\/\/www.radlobby.org\/noe\/wp-content\/uploads\/Radeln_Weingaerten.jpg 1010w, https:\/\/www.radlobby.org\/noe\/wp-content\/uploads\/Radeln_Weingaerten-300x124.jpg 300w, https:\/\/www.radlobby.org\/noe\/wp-content\/uploads\/Radeln_Weingaerten-768x317.jpg 768w\" sizes=\"auto, (max-width: 532px) 100vw, 532px\" \/><\/a><\/strong><\/p>\n<p><strong>Tourenleitung:<br \/>\n<\/strong>Hermann Hiebner<\/p>\n<p><strong>Anmeldung:\u00a0<\/strong>Radlobby Wolkersdorf\u00a0\u00b7\u00a0<a href=\"mailto:wolkersdorf@radlobby.at\">wolkersdorf@radlobby.at<\/a>\u00a0\u00b7 0660 2769559<\/p>\n<table style=\"border-style: solid; border-color: #d66300; border-width: 2px 0px 2px 0px;\" width=\"100%\" cellspacing=\"0\" cellpadding=\"10\">\n<tbody>\n<tr>\n<td valign=\"top\" bgcolor=\"#f7fbdc\"><strong>Preis | EUR 5,00 | Person<\/strong><\/p>\n<p>f\u00fcr F\u00fchrung inkl. 1 Getr\u00e4nk<\/td>\n<\/tr>\n<\/tbody>\n<\/table>\n<h4>Streckenl\u00e4nge: ca 27 km<br \/>\nDauer: ca. 4 Stunden<\/h4>\n<h4>Streckenplan<\/h4>\n<p><iframe loading=\"lazy\" class=\"gpsies\" src=\"\/\/www.gpsies.com\/mapOnly.do?fileId=psrqtswrmdogmjmg\" width=\"100%\" height=\"400\" frameborder=\"0\" marginwidth=\"0\" marginheight=\"0\" scrolling=\"no\"><\/iframe><\/p>\n<p>[include-page id=&#8221;2684&#8243;]<\/p>\n","protected":false},"excerpt":{"rendered":"<p>Die Radtour f\u00fchrt uns durch die Kellergassen in Pillichsdorf, Bockflie\u00df, Gro\u00dfengersdorf und Eibesbrunn. Der Abschluss findet in der Wolkersdorfer Kellergasse im &#8220;Gmoak\u00f6lla&#8221; des Vereins &#8220;K\u00f6llamauna &amp; -weiba&#8221; statt. Hier gibt es dann auch Aufstrichbrote und Weine von Wolkersdorfer Winzern zum<\/p>\n","protected":false},"author":16,"featured_media":9713,"comment_status":"closed","ping_status":"closed","sticky":false,"template":"","format":"standard","meta":{"footnotes":""},"categories":[45],"tags":[215,39],"class_list":["post-11715","post","type-post","status-publish","format-standard","has-post-thumbnail","hentry","category-radtour","tag-kellergasse","tag-radtouren"],"yoast_head":"<!-- This site is optimized with the Yoast SEO plugin v26.9 - https:\/\/yoast.com\/product\/yoast-seo-wordpress\/ -->\n<title>09.08.2019 Mustervorlage f\u00fcr Radtouren-Einladungen - Radlobby Nieder\u00f6sterreich<\/title>\n<meta name=\"robots\" content=\"index, follow, max-snippet:-1, max-image-preview:large, max-video-preview:-1\" \/>\n<link rel=\"canonical\" href=\"https:\/\/www.radlobby.org\/noe\/09-08-2019-mustervorlage-fuer-radtouren-einladungen\/\" \/>\n<meta property=\"og:locale\" content=\"de_DE\" \/>\n<meta property=\"og:type\" content=\"article\" \/>\n<meta property=\"og:title\" content=\"09.08.2019 Mustervorlage f\u00fcr Radtouren-Einladungen - Radlobby Nieder\u00f6sterreich\" \/>\n<meta property=\"og:description\" content=\"Die Radtour f\u00fchrt uns durch die Kellergassen in Pillichsdorf, Bockflie\u00df, Gro\u00dfengersdorf und Eibesbrunn. Der Abschluss findet in der Wolkersdorfer Kellergasse im &#8220;Gmoak\u00f6lla&#8221; des Vereins &#8220;K\u00f6llamauna &amp; -weiba&#8221; statt. Hier gibt es dann auch Aufstrichbrote und Weine von Wolkersdorfer Winzern zum\" \/>\n<meta property=\"og:url\" content=\"https:\/\/www.radlobby.org\/noe\/09-08-2019-mustervorlage-fuer-radtouren-einladungen\/\" \/>\n<meta property=\"og:site_name\" content=\"Radlobby Nieder\u00f6sterreich\" \/>\n<meta property=\"article:publisher\" content=\"https:\/\/www.facebook.com\/groups\/radfahren.in.noe\/\" \/>\n<meta property=\"article:published_time\" content=\"2000-01-01T09:37:00+00:00\" \/>\n<meta property=\"article:modified_time\" content=\"2019-12-09T09:35:11+00:00\" \/>\n<meta property=\"og:image\" content=\"https:\/\/www.radlobby.org\/noe\/wp-content\/uploads\/Kellergasse_1.jpg\" \/>\n\t<meta property=\"og:image:width\" content=\"1305\" \/>\n\t<meta property=\"og:image:height\" content=\"885\" \/>\n\t<meta property=\"og:image:type\" content=\"image\/jpeg\" \/>\n<meta name=\"author\" content=\"Karl Zauner - Admin\" \/>\n<meta name=\"twitter:card\" content=\"summary_large_image\" \/>\n<meta name=\"twitter:label1\" content=\"Verfasst von\" \/>\n\t<meta name=\"twitter:data1\" content=\"Karl Zauner - Admin\" \/>\n\t<meta name=\"twitter:label2\" content=\"Gesch\u00e4tzte Lesezeit\" \/>\n\t<meta name=\"twitter:data2\" content=\"1\u00a0Minute\" \/>\n<script type=\"application\/ld+json\" class=\"yoast-schema-graph\">{\"@context\":\"https:\/\/schema.org\",\"@graph\":[{\"@type\":\"Article\",\"@id\":\"https:\/\/www.radlobby.org\/noe\/09-08-2019-mustervorlage-fuer-radtouren-einladungen\/#article\",\"isPartOf\":{\"@id\":\"https:\/\/www.radlobby.org\/noe\/09-08-2019-mustervorlage-fuer-radtouren-einladungen\/\"},\"author\":{\"name\":\"Karl Zauner - Admin\",\"@id\":\"https:\/\/www.radlobby.org\/noe\/#\/schema\/person\/10547574c40a9e9ea65f92c73f3c516b\"},\"headline\":\"09.08.2019 Mustervorlage f\u00fcr Radtouren-Einladungen\",\"datePublished\":\"2000-01-01T09:37:00+00:00\",\"dateModified\":\"2019-12-09T09:35:11+00:00\",\"mainEntityOfPage\":{\"@id\":\"https:\/\/www.radlobby.org\/noe\/09-08-2019-mustervorlage-fuer-radtouren-einladungen\/\"},\"wordCount\":161,\"publisher\":{\"@id\":\"https:\/\/www.radlobby.org\/noe\/#organization\"},\"image\":{\"@id\":\"https:\/\/www.radlobby.org\/noe\/09-08-2019-mustervorlage-fuer-radtouren-einladungen\/#primaryimage\"},\"thumbnailUrl\":\"https:\/\/www.radlobby.org\/noe\/wp-content\/uploads\/Kellergasse_1.jpg\",\"keywords\":[\"Kellergasse\",\"Radtouren\"],\"articleSection\":[\"Radtour\"],\"inLanguage\":\"de\"},{\"@type\":\"WebPage\",\"@id\":\"https:\/\/www.radlobby.org\/noe\/09-08-2019-mustervorlage-fuer-radtouren-einladungen\/\",\"url\":\"https:\/\/www.radlobby.org\/noe\/09-08-2019-mustervorlage-fuer-radtouren-einladungen\/\",\"name\":\"09.08.2019 Mustervorlage f\u00fcr Radtouren-Einladungen - Radlobby Nieder\u00f6sterreich\",\"isPartOf\":{\"@id\":\"https:\/\/www.radlobby.org\/noe\/#website\"},\"primaryImageOfPage\":{\"@id\":\"https:\/\/www.radlobby.org\/noe\/09-08-2019-mustervorlage-fuer-radtouren-einladungen\/#primaryimage\"},\"image\":{\"@id\":\"https:\/\/www.radlobby.org\/noe\/09-08-2019-mustervorlage-fuer-radtouren-einladungen\/#primaryimage\"},\"thumbnailUrl\":\"https:\/\/www.radlobby.org\/noe\/wp-content\/uploads\/Kellergasse_1.jpg\",\"datePublished\":\"2000-01-01T09:37:00+00:00\",\"dateModified\":\"2019-12-09T09:35:11+00:00\",\"breadcrumb\":{\"@id\":\"https:\/\/www.radlobby.org\/noe\/09-08-2019-mustervorlage-fuer-radtouren-einladungen\/#breadcrumb\"},\"inLanguage\":\"de\",\"potentialAction\":[{\"@type\":\"ReadAction\",\"target\":[\"https:\/\/www.radlobby.org\/noe\/09-08-2019-mustervorlage-fuer-radtouren-einladungen\/\"]}]},{\"@type\":\"ImageObject\",\"inLanguage\":\"de\",\"@id\":\"https:\/\/www.radlobby.org\/noe\/09-08-2019-mustervorlage-fuer-radtouren-einladungen\/#primaryimage\",\"url\":\"https:\/\/www.radlobby.org\/noe\/wp-content\/uploads\/Kellergasse_1.jpg\",\"contentUrl\":\"https:\/\/www.radlobby.org\/noe\/wp-content\/uploads\/Kellergasse_1.jpg\",\"width\":1305,\"height\":885},{\"@type\":\"BreadcrumbList\",\"@id\":\"https:\/\/www.radlobby.org\/noe\/09-08-2019-mustervorlage-fuer-radtouren-einladungen\/#breadcrumb\",\"itemListElement\":[{\"@type\":\"ListItem\",\"position\":1,\"name\":\"Startseite\",\"item\":\"https:\/\/www.radlobby.org\/noe\/\"},{\"@type\":\"ListItem\",\"position\":2,\"name\":\"09.08.2019 Mustervorlage f\u00fcr Radtouren-Einladungen\"}]},{\"@type\":\"WebSite\",\"@id\":\"https:\/\/www.radlobby.org\/noe\/#website\",\"url\":\"https:\/\/www.radlobby.org\/noe\/\",\"name\":\"Radlobby Nieder\u00f6sterreich\",\"description\":\"Radverkehr, Fahrrad, Radfahren, Radreisen, Radtouren, Radweg\",\"publisher\":{\"@id\":\"https:\/\/www.radlobby.org\/noe\/#organization\"},\"potentialAction\":[{\"@type\":\"SearchAction\",\"target\":{\"@type\":\"EntryPoint\",\"urlTemplate\":\"https:\/\/www.radlobby.org\/noe\/?s={search_term_string}\"},\"query-input\":{\"@type\":\"PropertyValueSpecification\",\"valueRequired\":true,\"valueName\":\"search_term_string\"}}],\"inLanguage\":\"de\"},{\"@type\":\"Organization\",\"@id\":\"https:\/\/www.radlobby.org\/noe\/#organization\",\"name\":\"Radlobby Nieder\u00f6sterreich\",\"url\":\"https:\/\/www.radlobby.org\/noe\/\",\"logo\":{\"@type\":\"ImageObject\",\"inLanguage\":\"de\",\"@id\":\"https:\/\/www.radlobby.org\/noe\/#\/schema\/logo\/image\/\",\"url\":\"https:\/\/www.radlobby.org\/noe\/wp-content\/uploads\/2017\/01\/cropped-Logo_Radlobby_Niederoesterreich_50-400px_quer-1.jpg\",\"contentUrl\":\"https:\/\/www.radlobby.org\/noe\/wp-content\/uploads\/2017\/01\/cropped-Logo_Radlobby_Niederoesterreich_50-400px_quer-1.jpg\",\"width\":450,\"height\":124,\"caption\":\"Radlobby Nieder\u00f6sterreich\"},\"image\":{\"@id\":\"https:\/\/www.radlobby.org\/noe\/#\/schema\/logo\/image\/\"},\"sameAs\":[\"https:\/\/www.facebook.com\/groups\/radfahren.in.noe\/\"]},{\"@type\":\"Person\",\"@id\":\"https:\/\/www.radlobby.org\/noe\/#\/schema\/person\/10547574c40a9e9ea65f92c73f3c516b\",\"name\":\"Karl Zauner - Admin\",\"image\":{\"@type\":\"ImageObject\",\"inLanguage\":\"de\",\"@id\":\"https:\/\/www.radlobby.org\/noe\/#\/schema\/person\/image\/\",\"url\":\"https:\/\/secure.gravatar.com\/avatar\/c0be6303c1ffe16a7b1c79e07b12d4b29176a733c2a5e811b749965d4be12138?s=96&d=mm&r=g\",\"contentUrl\":\"https:\/\/secure.gravatar.com\/avatar\/c0be6303c1ffe16a7b1c79e07b12d4b29176a733c2a5e811b749965d4be12138?s=96&d=mm&r=g\",\"caption\":\"Karl Zauner - Admin\"},\"url\":\"https:\/\/www.radlobby.org\/noe\/author\/karlzauneradmin\/\"}]}<\/script>\n<!-- \/ Yoast SEO plugin. -->","yoast_head_json":{"title":"09.08.2019 Mustervorlage f\u00fcr Radtouren-Einladungen - Radlobby Nieder\u00f6sterreich","robots":{"index":"index","follow":"follow","max-snippet":"max-snippet:-1","max-image-preview":"max-image-preview:large","max-video-preview":"max-video-preview:-1"},"canonical":"https:\/\/www.radlobby.org\/noe\/09-08-2019-mustervorlage-fuer-radtouren-einladungen\/","og_locale":"de_DE","og_type":"article","og_title":"09.08.2019 Mustervorlage f\u00fcr Radtouren-Einladungen - Radlobby Nieder\u00f6sterreich","og_description":"Die Radtour f\u00fchrt uns durch die Kellergassen in Pillichsdorf, Bockflie\u00df, Gro\u00dfengersdorf und Eibesbrunn. Der Abschluss findet in der Wolkersdorfer Kellergasse im &#8220;Gmoak\u00f6lla&#8221; des Vereins &#8220;K\u00f6llamauna &amp; -weiba&#8221; statt. Hier gibt es dann auch Aufstrichbrote und Weine von Wolkersdorfer Winzern zum","og_url":"https:\/\/www.radlobby.org\/noe\/09-08-2019-mustervorlage-fuer-radtouren-einladungen\/","og_site_name":"Radlobby Nieder\u00f6sterreich","article_publisher":"https:\/\/www.facebook.com\/groups\/radfahren.in.noe\/","article_published_time":"2000-01-01T09:37:00+00:00","article_modified_time":"2019-12-09T09:35:11+00:00","og_image":[{"width":1305,"height":885,"url":"https:\/\/www.radlobby.org\/noe\/wp-content\/uploads\/Kellergasse_1.jpg","type":"image\/jpeg"}],"author":"Karl Zauner - Admin","twitter_card":"summary_large_image","twitter_misc":{"Verfasst von":"Karl Zauner - Admin","Gesch\u00e4tzte Lesezeit":"1\u00a0Minute"},"schema":{"@context":"https:\/\/schema.org","@graph":[{"@type":"Article","@id":"https:\/\/www.radlobby.org\/noe\/09-08-2019-mustervorlage-fuer-radtouren-einladungen\/#article","isPartOf":{"@id":"https:\/\/www.radlobby.org\/noe\/09-08-2019-mustervorlage-fuer-radtouren-einladungen\/"},"author":{"name":"Karl Zauner - Admin","@id":"https:\/\/www.radlobby.org\/noe\/#\/schema\/person\/10547574c40a9e9ea65f92c73f3c516b"},"headline":"09.08.2019 Mustervorlage f\u00fcr Radtouren-Einladungen","datePublished":"2000-01-01T09:37:00+00:00","dateModified":"2019-12-09T09:35:11+00:00","mainEntityOfPage":{"@id":"https:\/\/www.radlobby.org\/noe\/09-08-2019-mustervorlage-fuer-radtouren-einladungen\/"},"wordCount":161,"publisher":{"@id":"https:\/\/www.radlobby.org\/noe\/#organization"},"image":{"@id":"https:\/\/www.radlobby.org\/noe\/09-08-2019-mustervorlage-fuer-radtouren-einladungen\/#primaryimage"},"thumbnailUrl":"https:\/\/www.radlobby.org\/noe\/wp-content\/uploads\/Kellergasse_1.jpg","keywords":["Kellergasse","Radtouren"],"articleSection":["Radtour"],"inLanguage":"de"},{"@type":"WebPage","@id":"https:\/\/www.radlobby.org\/noe\/09-08-2019-mustervorlage-fuer-radtouren-einladungen\/","url":"https:\/\/www.radlobby.org\/noe\/09-08-2019-mustervorlage-fuer-radtouren-einladungen\/","name":"09.08.2019 Mustervorlage f\u00fcr Radtouren-Einladungen - Radlobby Nieder\u00f6sterreich","isPartOf":{"@id":"https:\/\/www.radlobby.org\/noe\/#website"},"primaryImageOfPage":{"@id":"https:\/\/www.radlobby.org\/noe\/09-08-2019-mustervorlage-fuer-radtouren-einladungen\/#primaryimage"},"image":{"@id":"https:\/\/www.radlobby.org\/noe\/09-08-2019-mustervorlage-fuer-radtouren-einladungen\/#primaryimage"},"thumbnailUrl":"https:\/\/www.radlobby.org\/noe\/wp-content\/uploads\/Kellergasse_1.jpg","datePublished":"2000-01-01T09:37:00+00:00","dateModified":"2019-12-09T09:35:11+00:00","breadcrumb":{"@id":"https:\/\/www.radlobby.org\/noe\/09-08-2019-mustervorlage-fuer-radtouren-einladungen\/#breadcrumb"},"inLanguage":"de","potentialAction":[{"@type":"ReadAction","target":["https:\/\/www.radlobby.org\/noe\/09-08-2019-mustervorlage-fuer-radtouren-einladungen\/"]}]},{"@type":"ImageObject","inLanguage":"de","@id":"https:\/\/www.radlobby.org\/noe\/09-08-2019-mustervorlage-fuer-radtouren-einladungen\/#primaryimage","url":"https:\/\/www.radlobby.org\/noe\/wp-content\/uploads\/Kellergasse_1.jpg","contentUrl":"https:\/\/www.radlobby.org\/noe\/wp-content\/uploads\/Kellergasse_1.jpg","width":1305,"height":885},{"@type":"BreadcrumbList","@id":"https:\/\/www.radlobby.org\/noe\/09-08-2019-mustervorlage-fuer-radtouren-einladungen\/#breadcrumb","itemListElement":[{"@type":"ListItem","position":1,"name":"Startseite","item":"https:\/\/www.radlobby.org\/noe\/"},{"@type":"ListItem","position":2,"name":"09.08.2019 Mustervorlage f\u00fcr Radtouren-Einladungen"}]},{"@type":"WebSite","@id":"https:\/\/www.radlobby.org\/noe\/#website","url":"https:\/\/www.radlobby.org\/noe\/","name":"Radlobby Nieder\u00f6sterreich","description":"Radverkehr, Fahrrad, Radfahren, Radreisen, Radtouren, Radweg","publisher":{"@id":"https:\/\/www.radlobby.org\/noe\/#organization"},"potentialAction":[{"@type":"SearchAction","target":{"@type":"EntryPoint","urlTemplate":"https:\/\/www.radlobby.org\/noe\/?s={search_term_string}"},"query-input":{"@type":"PropertyValueSpecification","valueRequired":true,"valueName":"search_term_string"}}],"inLanguage":"de"},{"@type":"Organization","@id":"https:\/\/www.radlobby.org\/noe\/#organization","name":"Radlobby Nieder\u00f6sterreich","url":"https:\/\/www.radlobby.org\/noe\/","logo":{"@type":"ImageObject","inLanguage":"de","@id":"https:\/\/www.radlobby.org\/noe\/#\/schema\/logo\/image\/","url":"https:\/\/www.radlobby.org\/noe\/wp-content\/uploads\/2017\/01\/cropped-Logo_Radlobby_Niederoesterreich_50-400px_quer-1.jpg","contentUrl":"https:\/\/www.radlobby.org\/noe\/wp-content\/uploads\/2017\/01\/cropped-Logo_Radlobby_Niederoesterreich_50-400px_quer-1.jpg","width":450,"height":124,"caption":"Radlobby Nieder\u00f6sterreich"},"image":{"@id":"https:\/\/www.radlobby.org\/noe\/#\/schema\/logo\/image\/"},"sameAs":["https:\/\/www.facebook.com\/groups\/radfahren.in.noe\/"]},{"@type":"Person","@id":"https:\/\/www.radlobby.org\/noe\/#\/schema\/person\/10547574c40a9e9ea65f92c73f3c516b","name":"Karl Zauner - Admin","image":{"@type":"ImageObject","inLanguage":"de","@id":"https:\/\/www.radlobby.org\/noe\/#\/schema\/person\/image\/","url":"https:\/\/secure.gravatar.com\/avatar\/c0be6303c1ffe16a7b1c79e07b12d4b29176a733c2a5e811b749965d4be12138?s=96&d=mm&r=g","contentUrl":"https:\/\/secure.gravatar.com\/avatar\/c0be6303c1ffe16a7b1c79e07b12d4b29176a733c2a5e811b749965d4be12138?s=96&d=mm&r=g","caption":"Karl Zauner - Admin"},"url":"https:\/\/www.radlobby.org\/noe\/author\/karlzauneradmin\/"}]}},"_links":{"self":[{"href":"https:\/\/www.radlobby.org\/noe\/wp-json\/wp\/v2\/posts\/11715","targetHints":{"allow":["GET"]}}],"collection":[{"href":"https:\/\/www.radlobby.org\/noe\/wp-json\/wp\/v2\/posts"}],"about":[{"href":"https:\/\/www.radlobby.org\/noe\/wp-json\/wp\/v2\/types\/post"}],"author":[{"embeddable":true,"href":"https:\/\/www.radlobby.org\/noe\/wp-json\/wp\/v2\/users\/16"}],"replies":[{"embeddable":true,"href":"https:\/\/www.radlobby.org\/noe\/wp-json\/wp\/v2\/comments?post=11715"}],"version-history":[{"count":0,"href":"https:\/\/www.radlobby.org\/noe\/wp-json\/wp\/v2\/posts\/11715\/revisions"}],"wp:featuredmedia":[{"embeddable":true,"href":"https:\/\/www.radlobby.org\/noe\/wp-json\/wp\/v2\/media\/9713"}],"wp:attachment":[{"href":"https:\/\/www.radlobby.org\/noe\/wp-json\/wp\/v2\/media?parent=11715"}],"wp:term":[{"taxonomy":"category","embeddable":true,"href":"https:\/\/www.radlobby.org\/noe\/wp-json\/wp\/v2\/categories?post=11715"},{"taxonomy":"post_tag","embeddable":true,"href":"https:\/\/www.radlobby.org\/noe\/wp-json\/wp\/v2\/tags?post=11715"}],"curies":[{"name":"wp","href":"https:\/\/api.w.org\/{rel}","templated":true}]}}