{"id":10585,"date":"2019-10-02T19:45:13","date_gmt":"2019-10-02T17:45:13","guid":{"rendered":"http:\/\/www.radlobby.org\/noe\/?p=10585"},"modified":"2019-10-03T16:47:04","modified_gmt":"2019-10-03T14:47:04","slug":"noe-mobilitaetserhebung-2019","status":"publish","type":"post","link":"https:\/\/www.radlobby.org\/noe\/noe-mobilitaetserhebung-2019\/","title":{"rendered":"N\u00d6 Mobilit\u00e4tserhebung zeigt ein Desaster beim Radverkehr <br>LR Schleritzko k\u00fcndigt ein Rad-Paket an und <br>will Gemeinden enger beim Radverkehr begleiten"},"content":{"rendered":"<p><span style=\"color: #0f2b00;\">2. Okt. 2019 | N\u00d6N Bericht \u00fcber die Mobilit\u00e4tserhebung 2019<\/span><\/p>\n<h6><span style=\"color: #0f2b00;\">Position der Radlobby dazu:<br \/>\nDie Ank\u00fcndigung von Landesrat Schleritzko ist im Interesse der Radlobby. Wir sind gespannt, was das Rad-Paket bringt. Es gibt allerdings weder f\u00fcr 2019 noch f\u00fcr 2020 ein Radverkehrsbudget.<\/span><\/h6>\n<p>Bisher galt seitens Radland N\u00d6 8% Radverkehrsanteil im Modalsplit.<br \/>\nDie aktuelle Mobilit\u00e4tserhebung ergab: 1,8%.<br \/>\nZwecks Kl\u00e4rung der Zahlen haben wir bei Mobilit\u00e4ts-LR Schleritzko und Umwelt-LR Pernkopf nachgefragt. Wir sind gespannt auf die Antworten.<br \/>\nInfos folgen.<\/p>\n<p>[N\u00d6N regelm\u00e4\u00dfig kaufen! Bericht vergr\u00f6\u00dfern: <a href=\"http:\/\/www.radlobby.org\/noe\/wp-content\/uploads\/20191002-N\u00d6N-Mobilit\u00e4tserhebung-02.jpg\">Bild anklicken<\/a>]<\/p>\n<p><a href=\"https:\/\/www.radlobby.org\/noe\/wp-content\/uploads\/20191002-N\u00d6N-Mobilit\u00e4tserhebung-02.jpg\" data-src=\"https:\/\/www.radlobby.org\/noe\/wp-content\/uploads\/20191002-N\u00d6N-Mobilit\u00e4tserhebung-02.jpg\" data-thumb=\"http:\/\/www.radlobby.org\/noe\/wp-content\/uploads\/20191002-N\u00d6N-Mobilit\u00e4tserhebung-02.jpg\" class=\"ml-lightbox-enabled\"><img loading=\"lazy\" decoding=\"async\" class=\"alignnone wp-image-10586\" src=\"http:\/\/www.radlobby.org\/noe\/wp-content\/uploads\/20191002-N\u00d6N-Mobilit\u00e4tserhebung-02.jpg\" alt=\"\" width=\"750\" height=\"432\" srcset=\"https:\/\/www.radlobby.org\/noe\/wp-content\/uploads\/20191002-N\u00d6N-Mobilit\u00e4tserhebung-02.jpg 1550w, https:\/\/www.radlobby.org\/noe\/wp-content\/uploads\/20191002-N\u00d6N-Mobilit\u00e4tserhebung-02-300x173.jpg 300w, https:\/\/www.radlobby.org\/noe\/wp-content\/uploads\/20191002-N\u00d6N-Mobilit\u00e4tserhebung-02-768x442.jpg 768w\" sizes=\"auto, (max-width: 750px) 100vw, 750px\" \/><\/a><br \/>\nPDF: <a href=\"http:\/\/www.radlobby.org\/noe\/wp-content\/uploads\/20191002-N\u00d6N-Mobilit\u00e4tserhebung-02.pdf\" target=\"_blank\" rel=\"noopener noreferrer\">20191002-N\u00d6N-Mobilit\u00e4tserhebung<\/a><\/p>\n","protected":false},"excerpt":{"rendered":"<p>2. Okt. 2019 | N\u00d6N Bericht \u00fcber die Mobilit\u00e4tserhebung 2019 Position der Radlobby dazu: Die Ank\u00fcndigung von Landesrat Schleritzko ist im Interesse der Radlobby. Wir sind gespannt, was das Rad-Paket bringt. Es gibt allerdings weder f\u00fcr 2019 noch f\u00fcr 2020<\/p>\n","protected":false},"author":16,"featured_media":10586,"comment_status":"closed","ping_status":"closed","sticky":false,"template":"","format":"standard","meta":{"footnotes":""},"categories":[20],"tags":[75,102,22],"class_list":["post-10585","post","type-post","status-publish","format-standard","has-post-thumbnail","hentry","category-niederoesterreich","tag-landespolitik","tag-radweg","tag-verkehrspolitik"],"yoast_head":"<!-- This site is optimized with the Yoast SEO plugin v26.9 - https:\/\/yoast.com\/product\/yoast-seo-wordpress\/ -->\n<title>N\u00d6 Mobilit\u00e4tserhebung zeigt ein Desaster beim Radverkehr LR Schleritzko k\u00fcndigt ein Rad-Paket an und will Gemeinden enger beim Radverkehr begleiten - Radlobby Nieder\u00f6sterreich<\/title>\n<meta name=\"robots\" content=\"index, follow, max-snippet:-1, max-image-preview:large, max-video-preview:-1\" \/>\n<link rel=\"canonical\" href=\"https:\/\/www.radlobby.org\/noe\/noe-mobilitaetserhebung-2019\/\" \/>\n<meta property=\"og:locale\" content=\"de_DE\" \/>\n<meta property=\"og:type\" content=\"article\" \/>\n<meta property=\"og:title\" content=\"N\u00d6 Mobilit\u00e4tserhebung zeigt ein Desaster beim Radverkehr LR Schleritzko k\u00fcndigt ein Rad-Paket an und will Gemeinden enger beim Radverkehr begleiten - Radlobby Nieder\u00f6sterreich\" \/>\n<meta property=\"og:description\" content=\"2. Okt. 2019 | N\u00d6N Bericht \u00fcber die Mobilit\u00e4tserhebung 2019 Position der Radlobby dazu: Die Ank\u00fcndigung von Landesrat Schleritzko ist im Interesse der Radlobby. Wir sind gespannt, was das Rad-Paket bringt. Es gibt allerdings weder f\u00fcr 2019 noch f\u00fcr 2020\" \/>\n<meta property=\"og:url\" content=\"https:\/\/www.radlobby.org\/noe\/noe-mobilitaetserhebung-2019\/\" \/>\n<meta property=\"og:site_name\" content=\"Radlobby Nieder\u00f6sterreich\" \/>\n<meta property=\"article:publisher\" content=\"https:\/\/www.facebook.com\/groups\/radfahren.in.noe\/\" \/>\n<meta property=\"article:published_time\" content=\"2019-10-02T17:45:13+00:00\" \/>\n<meta property=\"article:modified_time\" content=\"2019-10-03T14:47:04+00:00\" \/>\n<meta property=\"og:image\" content=\"https:\/\/www.radlobby.org\/noe\/wp-content\/uploads\/20191002-N\u00d6N-Mobilit\u00e4tserhebung-02.jpg\" \/>\n\t<meta property=\"og:image:width\" content=\"1550\" \/>\n\t<meta property=\"og:image:height\" content=\"893\" \/>\n\t<meta property=\"og:image:type\" content=\"image\/jpeg\" \/>\n<meta name=\"author\" content=\"Karl Zauner - Admin\" \/>\n<meta name=\"twitter:card\" content=\"summary_large_image\" \/>\n<meta name=\"twitter:label1\" content=\"Verfasst von\" \/>\n\t<meta name=\"twitter:data1\" content=\"Karl Zauner - Admin\" \/>\n<script type=\"application\/ld+json\" class=\"yoast-schema-graph\">{\"@context\":\"https:\/\/schema.org\",\"@graph\":[{\"@type\":\"Article\",\"@id\":\"https:\/\/www.radlobby.org\/noe\/noe-mobilitaetserhebung-2019\/#article\",\"isPartOf\":{\"@id\":\"https:\/\/www.radlobby.org\/noe\/noe-mobilitaetserhebung-2019\/\"},\"author\":{\"name\":\"Karl Zauner - Admin\",\"@id\":\"https:\/\/www.radlobby.org\/noe\/#\/schema\/person\/10547574c40a9e9ea65f92c73f3c516b\"},\"headline\":\"N\u00d6 Mobilit\u00e4tserhebung zeigt ein Desaster beim Radverkehr LR Schleritzko k\u00fcndigt ein Rad-Paket an und will Gemeinden enger beim Radverkehr begleiten\",\"datePublished\":\"2019-10-02T17:45:13+00:00\",\"dateModified\":\"2019-10-03T14:47:04+00:00\",\"mainEntityOfPage\":{\"@id\":\"https:\/\/www.radlobby.org\/noe\/noe-mobilitaetserhebung-2019\/\"},\"wordCount\":113,\"publisher\":{\"@id\":\"https:\/\/www.radlobby.org\/noe\/#organization\"},\"image\":{\"@id\":\"https:\/\/www.radlobby.org\/noe\/noe-mobilitaetserhebung-2019\/#primaryimage\"},\"thumbnailUrl\":\"https:\/\/www.radlobby.org\/noe\/wp-content\/uploads\/20191002-N\u00d6N-Mobilit\u00e4tserhebung-02.jpg\",\"keywords\":[\"Landespolitik\",\"Radweg\",\"Verkehrspolitik\"],\"articleSection\":[\"Radlobby Nieder\u00f6sterreich\"],\"inLanguage\":\"de\"},{\"@type\":\"WebPage\",\"@id\":\"https:\/\/www.radlobby.org\/noe\/noe-mobilitaetserhebung-2019\/\",\"url\":\"https:\/\/www.radlobby.org\/noe\/noe-mobilitaetserhebung-2019\/\",\"name\":\"N\u00d6 Mobilit\u00e4tserhebung zeigt ein Desaster beim Radverkehr LR Schleritzko k\u00fcndigt ein Rad-Paket an und will Gemeinden enger beim Radverkehr begleiten - Radlobby Nieder\u00f6sterreich\",\"isPartOf\":{\"@id\":\"https:\/\/www.radlobby.org\/noe\/#website\"},\"primaryImageOfPage\":{\"@id\":\"https:\/\/www.radlobby.org\/noe\/noe-mobilitaetserhebung-2019\/#primaryimage\"},\"image\":{\"@id\":\"https:\/\/www.radlobby.org\/noe\/noe-mobilitaetserhebung-2019\/#primaryimage\"},\"thumbnailUrl\":\"https:\/\/www.radlobby.org\/noe\/wp-content\/uploads\/20191002-N\u00d6N-Mobilit\u00e4tserhebung-02.jpg\",\"datePublished\":\"2019-10-02T17:45:13+00:00\",\"dateModified\":\"2019-10-03T14:47:04+00:00\",\"breadcrumb\":{\"@id\":\"https:\/\/www.radlobby.org\/noe\/noe-mobilitaetserhebung-2019\/#breadcrumb\"},\"inLanguage\":\"de\",\"potentialAction\":[{\"@type\":\"ReadAction\",\"target\":[\"https:\/\/www.radlobby.org\/noe\/noe-mobilitaetserhebung-2019\/\"]}]},{\"@type\":\"ImageObject\",\"inLanguage\":\"de\",\"@id\":\"https:\/\/www.radlobby.org\/noe\/noe-mobilitaetserhebung-2019\/#primaryimage\",\"url\":\"https:\/\/www.radlobby.org\/noe\/wp-content\/uploads\/20191002-N\u00d6N-Mobilit\u00e4tserhebung-02.jpg\",\"contentUrl\":\"https:\/\/www.radlobby.org\/noe\/wp-content\/uploads\/20191002-N\u00d6N-Mobilit\u00e4tserhebung-02.jpg\",\"width\":1550,\"height\":893},{\"@type\":\"BreadcrumbList\",\"@id\":\"https:\/\/www.radlobby.org\/noe\/noe-mobilitaetserhebung-2019\/#breadcrumb\",\"itemListElement\":[{\"@type\":\"ListItem\",\"position\":1,\"name\":\"Startseite\",\"item\":\"https:\/\/www.radlobby.org\/noe\/\"},{\"@type\":\"ListItem\",\"position\":2,\"name\":\"N\u00d6 Mobilit\u00e4tserhebung zeigt ein Desaster beim Radverkehr LR Schleritzko k\u00fcndigt ein Rad-Paket an und will Gemeinden enger beim Radverkehr begleiten\"}]},{\"@type\":\"WebSite\",\"@id\":\"https:\/\/www.radlobby.org\/noe\/#website\",\"url\":\"https:\/\/www.radlobby.org\/noe\/\",\"name\":\"Radlobby Nieder\u00f6sterreich\",\"description\":\"Radverkehr, Fahrrad, Radfahren, Radreisen, Radtouren, Radweg\",\"publisher\":{\"@id\":\"https:\/\/www.radlobby.org\/noe\/#organization\"},\"potentialAction\":[{\"@type\":\"SearchAction\",\"target\":{\"@type\":\"EntryPoint\",\"urlTemplate\":\"https:\/\/www.radlobby.org\/noe\/?s={search_term_string}\"},\"query-input\":{\"@type\":\"PropertyValueSpecification\",\"valueRequired\":true,\"valueName\":\"search_term_string\"}}],\"inLanguage\":\"de\"},{\"@type\":\"Organization\",\"@id\":\"https:\/\/www.radlobby.org\/noe\/#organization\",\"name\":\"Radlobby Nieder\u00f6sterreich\",\"url\":\"https:\/\/www.radlobby.org\/noe\/\",\"logo\":{\"@type\":\"ImageObject\",\"inLanguage\":\"de\",\"@id\":\"https:\/\/www.radlobby.org\/noe\/#\/schema\/logo\/image\/\",\"url\":\"https:\/\/www.radlobby.org\/noe\/wp-content\/uploads\/2017\/01\/cropped-Logo_Radlobby_Niederoesterreich_50-400px_quer-1.jpg\",\"contentUrl\":\"https:\/\/www.radlobby.org\/noe\/wp-content\/uploads\/2017\/01\/cropped-Logo_Radlobby_Niederoesterreich_50-400px_quer-1.jpg\",\"width\":450,\"height\":124,\"caption\":\"Radlobby Nieder\u00f6sterreich\"},\"image\":{\"@id\":\"https:\/\/www.radlobby.org\/noe\/#\/schema\/logo\/image\/\"},\"sameAs\":[\"https:\/\/www.facebook.com\/groups\/radfahren.in.noe\/\"]},{\"@type\":\"Person\",\"@id\":\"https:\/\/www.radlobby.org\/noe\/#\/schema\/person\/10547574c40a9e9ea65f92c73f3c516b\",\"name\":\"Karl Zauner - Admin\",\"image\":{\"@type\":\"ImageObject\",\"inLanguage\":\"de\",\"@id\":\"https:\/\/www.radlobby.org\/noe\/#\/schema\/person\/image\/\",\"url\":\"https:\/\/secure.gravatar.com\/avatar\/c0be6303c1ffe16a7b1c79e07b12d4b29176a733c2a5e811b749965d4be12138?s=96&d=mm&r=g\",\"contentUrl\":\"https:\/\/secure.gravatar.com\/avatar\/c0be6303c1ffe16a7b1c79e07b12d4b29176a733c2a5e811b749965d4be12138?s=96&d=mm&r=g\",\"caption\":\"Karl Zauner - Admin\"},\"url\":\"https:\/\/www.radlobby.org\/noe\/author\/karlzauneradmin\/\"}]}<\/script>\n<!-- \/ Yoast SEO plugin. -->","yoast_head_json":{"title":"N\u00d6 Mobilit\u00e4tserhebung zeigt ein Desaster beim Radverkehr LR Schleritzko k\u00fcndigt ein Rad-Paket an und will Gemeinden enger beim Radverkehr begleiten - Radlobby Nieder\u00f6sterreich","robots":{"index":"index","follow":"follow","max-snippet":"max-snippet:-1","max-image-preview":"max-image-preview:large","max-video-preview":"max-video-preview:-1"},"canonical":"https:\/\/www.radlobby.org\/noe\/noe-mobilitaetserhebung-2019\/","og_locale":"de_DE","og_type":"article","og_title":"N\u00d6 Mobilit\u00e4tserhebung zeigt ein Desaster beim Radverkehr LR Schleritzko k\u00fcndigt ein Rad-Paket an und will Gemeinden enger beim Radverkehr begleiten - Radlobby Nieder\u00f6sterreich","og_description":"2. Okt. 2019 | N\u00d6N Bericht \u00fcber die Mobilit\u00e4tserhebung 2019 Position der Radlobby dazu: Die Ank\u00fcndigung von Landesrat Schleritzko ist im Interesse der Radlobby. Wir sind gespannt, was das Rad-Paket bringt. Es gibt allerdings weder f\u00fcr 2019 noch f\u00fcr 2020","og_url":"https:\/\/www.radlobby.org\/noe\/noe-mobilitaetserhebung-2019\/","og_site_name":"Radlobby Nieder\u00f6sterreich","article_publisher":"https:\/\/www.facebook.com\/groups\/radfahren.in.noe\/","article_published_time":"2019-10-02T17:45:13+00:00","article_modified_time":"2019-10-03T14:47:04+00:00","og_image":[{"width":1550,"height":893,"url":"https:\/\/www.radlobby.org\/noe\/wp-content\/uploads\/20191002-N\u00d6N-Mobilit\u00e4tserhebung-02.jpg","type":"image\/jpeg"}],"author":"Karl Zauner - Admin","twitter_card":"summary_large_image","twitter_misc":{"Verfasst von":"Karl Zauner - Admin"},"schema":{"@context":"https:\/\/schema.org","@graph":[{"@type":"Article","@id":"https:\/\/www.radlobby.org\/noe\/noe-mobilitaetserhebung-2019\/#article","isPartOf":{"@id":"https:\/\/www.radlobby.org\/noe\/noe-mobilitaetserhebung-2019\/"},"author":{"name":"Karl Zauner - Admin","@id":"https:\/\/www.radlobby.org\/noe\/#\/schema\/person\/10547574c40a9e9ea65f92c73f3c516b"},"headline":"N\u00d6 Mobilit\u00e4tserhebung zeigt ein Desaster beim Radverkehr LR Schleritzko k\u00fcndigt ein Rad-Paket an und will Gemeinden enger beim Radverkehr begleiten","datePublished":"2019-10-02T17:45:13+00:00","dateModified":"2019-10-03T14:47:04+00:00","mainEntityOfPage":{"@id":"https:\/\/www.radlobby.org\/noe\/noe-mobilitaetserhebung-2019\/"},"wordCount":113,"publisher":{"@id":"https:\/\/www.radlobby.org\/noe\/#organization"},"image":{"@id":"https:\/\/www.radlobby.org\/noe\/noe-mobilitaetserhebung-2019\/#primaryimage"},"thumbnailUrl":"https:\/\/www.radlobby.org\/noe\/wp-content\/uploads\/20191002-N\u00d6N-Mobilit\u00e4tserhebung-02.jpg","keywords":["Landespolitik","Radweg","Verkehrspolitik"],"articleSection":["Radlobby Nieder\u00f6sterreich"],"inLanguage":"de"},{"@type":"WebPage","@id":"https:\/\/www.radlobby.org\/noe\/noe-mobilitaetserhebung-2019\/","url":"https:\/\/www.radlobby.org\/noe\/noe-mobilitaetserhebung-2019\/","name":"N\u00d6 Mobilit\u00e4tserhebung zeigt ein Desaster beim Radverkehr LR Schleritzko k\u00fcndigt ein Rad-Paket an und will Gemeinden enger beim Radverkehr begleiten - Radlobby Nieder\u00f6sterreich","isPartOf":{"@id":"https:\/\/www.radlobby.org\/noe\/#website"},"primaryImageOfPage":{"@id":"https:\/\/www.radlobby.org\/noe\/noe-mobilitaetserhebung-2019\/#primaryimage"},"image":{"@id":"https:\/\/www.radlobby.org\/noe\/noe-mobilitaetserhebung-2019\/#primaryimage"},"thumbnailUrl":"https:\/\/www.radlobby.org\/noe\/wp-content\/uploads\/20191002-N\u00d6N-Mobilit\u00e4tserhebung-02.jpg","datePublished":"2019-10-02T17:45:13+00:00","dateModified":"2019-10-03T14:47:04+00:00","breadcrumb":{"@id":"https:\/\/www.radlobby.org\/noe\/noe-mobilitaetserhebung-2019\/#breadcrumb"},"inLanguage":"de","potentialAction":[{"@type":"ReadAction","target":["https:\/\/www.radlobby.org\/noe\/noe-mobilitaetserhebung-2019\/"]}]},{"@type":"ImageObject","inLanguage":"de","@id":"https:\/\/www.radlobby.org\/noe\/noe-mobilitaetserhebung-2019\/#primaryimage","url":"https:\/\/www.radlobby.org\/noe\/wp-content\/uploads\/20191002-N\u00d6N-Mobilit\u00e4tserhebung-02.jpg","contentUrl":"https:\/\/www.radlobby.org\/noe\/wp-content\/uploads\/20191002-N\u00d6N-Mobilit\u00e4tserhebung-02.jpg","width":1550,"height":893},{"@type":"BreadcrumbList","@id":"https:\/\/www.radlobby.org\/noe\/noe-mobilitaetserhebung-2019\/#breadcrumb","itemListElement":[{"@type":"ListItem","position":1,"name":"Startseite","item":"https:\/\/www.radlobby.org\/noe\/"},{"@type":"ListItem","position":2,"name":"N\u00d6 Mobilit\u00e4tserhebung zeigt ein Desaster beim Radverkehr LR Schleritzko k\u00fcndigt ein Rad-Paket an und will Gemeinden enger beim Radverkehr begleiten"}]},{"@type":"WebSite","@id":"https:\/\/www.radlobby.org\/noe\/#website","url":"https:\/\/www.radlobby.org\/noe\/","name":"Radlobby Nieder\u00f6sterreich","description":"Radverkehr, Fahrrad, Radfahren, Radreisen, Radtouren, Radweg","publisher":{"@id":"https:\/\/www.radlobby.org\/noe\/#organization"},"potentialAction":[{"@type":"SearchAction","target":{"@type":"EntryPoint","urlTemplate":"https:\/\/www.radlobby.org\/noe\/?s={search_term_string}"},"query-input":{"@type":"PropertyValueSpecification","valueRequired":true,"valueName":"search_term_string"}}],"inLanguage":"de"},{"@type":"Organization","@id":"https:\/\/www.radlobby.org\/noe\/#organization","name":"Radlobby Nieder\u00f6sterreich","url":"https:\/\/www.radlobby.org\/noe\/","logo":{"@type":"ImageObject","inLanguage":"de","@id":"https:\/\/www.radlobby.org\/noe\/#\/schema\/logo\/image\/","url":"https:\/\/www.radlobby.org\/noe\/wp-content\/uploads\/2017\/01\/cropped-Logo_Radlobby_Niederoesterreich_50-400px_quer-1.jpg","contentUrl":"https:\/\/www.radlobby.org\/noe\/wp-content\/uploads\/2017\/01\/cropped-Logo_Radlobby_Niederoesterreich_50-400px_quer-1.jpg","width":450,"height":124,"caption":"Radlobby Nieder\u00f6sterreich"},"image":{"@id":"https:\/\/www.radlobby.org\/noe\/#\/schema\/logo\/image\/"},"sameAs":["https:\/\/www.facebook.com\/groups\/radfahren.in.noe\/"]},{"@type":"Person","@id":"https:\/\/www.radlobby.org\/noe\/#\/schema\/person\/10547574c40a9e9ea65f92c73f3c516b","name":"Karl Zauner - Admin","image":{"@type":"ImageObject","inLanguage":"de","@id":"https:\/\/www.radlobby.org\/noe\/#\/schema\/person\/image\/","url":"https:\/\/secure.gravatar.com\/avatar\/c0be6303c1ffe16a7b1c79e07b12d4b29176a733c2a5e811b749965d4be12138?s=96&d=mm&r=g","contentUrl":"https:\/\/secure.gravatar.com\/avatar\/c0be6303c1ffe16a7b1c79e07b12d4b29176a733c2a5e811b749965d4be12138?s=96&d=mm&r=g","caption":"Karl Zauner - Admin"},"url":"https:\/\/www.radlobby.org\/noe\/author\/karlzauneradmin\/"}]}},"_links":{"self":[{"href":"https:\/\/www.radlobby.org\/noe\/wp-json\/wp\/v2\/posts\/10585","targetHints":{"allow":["GET"]}}],"collection":[{"href":"https:\/\/www.radlobby.org\/noe\/wp-json\/wp\/v2\/posts"}],"about":[{"href":"https:\/\/www.radlobby.org\/noe\/wp-json\/wp\/v2\/types\/post"}],"author":[{"embeddable":true,"href":"https:\/\/www.radlobby.org\/noe\/wp-json\/wp\/v2\/users\/16"}],"replies":[{"embeddable":true,"href":"https:\/\/www.radlobby.org\/noe\/wp-json\/wp\/v2\/comments?post=10585"}],"version-history":[{"count":0,"href":"https:\/\/www.radlobby.org\/noe\/wp-json\/wp\/v2\/posts\/10585\/revisions"}],"wp:featuredmedia":[{"embeddable":true,"href":"https:\/\/www.radlobby.org\/noe\/wp-json\/wp\/v2\/media\/10586"}],"wp:attachment":[{"href":"https:\/\/www.radlobby.org\/noe\/wp-json\/wp\/v2\/media?parent=10585"}],"wp:term":[{"taxonomy":"category","embeddable":true,"href":"https:\/\/www.radlobby.org\/noe\/wp-json\/wp\/v2\/categories?post=10585"},{"taxonomy":"post_tag","embeddable":true,"href":"https:\/\/www.radlobby.org\/noe\/wp-json\/wp\/v2\/tags?post=10585"}],"curies":[{"name":"wp","href":"https:\/\/api.w.org\/{rel}","templated":true}]}}