{"id":412,"count":47,"description":"Herzlicher Dank geb\u00fchrt auch\u00a0allen Verantwortlichen in der Gemeinde, die den Wunsch der Radlobby erf\u00fcllten und die ausnahmslose Einbahnregelung in der Donaustra\u00dfe aufhoben, um das Radfahren Richtung Bahnhof wieder in direkter Linie zu erm\u00f6glichen. Auch die drei Fahrradwracks, die \u00fcber ein Jahr Abstellpl\u00e4tze am Bahnhof belegten, wurden \u2013 nach Vorwarnung - von den Herren des Altstoffszentrums entsorgt.\r\n\r\n<img class=\"alignnone size-medium wp-image-21219\" src=\"https:\/\/www.radlobby.org\/noe\/wp-content\/uploads\/2021-11_Donaustrasse-300x200.jpg\" alt=\"\" width=\"300\" height=\"200\" \/>","link":"https:\/\/www.radlobby.org\/noe\/category\/traismauer\/","name":"Radlobby Traismauer","slug":"traismauer","taxonomy":"category","parent":0,"meta":[],"yoast_head":"<!-- This site is optimized with the Yoast SEO plugin v26.9 - https:\/\/yoast.com\/product\/yoast-seo-wordpress\/ -->\n<title>Radlobby Traismauer Archive - Radlobby Nieder\u00f6sterreich<\/title>\n<meta name=\"robots\" content=\"index, follow, max-snippet:-1, max-image-preview:large, max-video-preview:-1\" \/>\n<link rel=\"canonical\" href=\"https:\/\/www.radlobby.org\/noe\/category\/traismauer\/\" \/>\n<meta property=\"og:locale\" content=\"de_DE\" \/>\n<meta property=\"og:type\" content=\"article\" \/>\n<meta property=\"og:title\" content=\"Radlobby Traismauer Archive - Radlobby Nieder\u00f6sterreich\" \/>\n<meta property=\"og:description\" content=\"Herzlicher Dank geb\u00fchrt auch\u00a0allen Verantwortlichen in der Gemeinde, die den Wunsch der Radlobby erf\u00fcllten und die ausnahmslose Einbahnregelung in der Donaustra\u00dfe aufhoben, um das Radfahren Richtung Bahnhof wieder in direkter Linie zu erm\u00f6glichen. Auch die drei Fahrradwracks, die \u00fcber ein Jahr Abstellpl\u00e4tze am Bahnhof belegten, wurden \u2013 nach Vorwarnung &#8211; von den Herren des Altstoffszentrums entsorgt.\" \/>\n<meta property=\"og:url\" content=\"https:\/\/www.radlobby.org\/noe\/category\/traismauer\/\" \/>\n<meta property=\"og:site_name\" content=\"Radlobby Nieder\u00f6sterreich\" \/>\n<meta property=\"og:image\" content=\"https:\/\/www.radlobby.org\/noe\/wp-content\/uploads\/2021-11_Donaustrasse-300x200.jpg\" \/>\n<meta name=\"twitter:card\" content=\"summary_large_image\" \/>\n<script type=\"application\/ld+json\" class=\"yoast-schema-graph\">{\"@context\":\"https:\/\/schema.org\",\"@graph\":[{\"@type\":\"CollectionPage\",\"@id\":\"https:\/\/www.radlobby.org\/noe\/category\/traismauer\/\",\"url\":\"https:\/\/www.radlobby.org\/noe\/category\/traismauer\/\",\"name\":\"Radlobby Traismauer Archive - Radlobby Nieder\u00f6sterreich\",\"isPartOf\":{\"@id\":\"https:\/\/www.radlobby.org\/noe\/#website\"},\"breadcrumb\":{\"@id\":\"https:\/\/www.radlobby.org\/noe\/category\/traismauer\/#breadcrumb\"},\"inLanguage\":\"de\"},{\"@type\":\"BreadcrumbList\",\"@id\":\"https:\/\/www.radlobby.org\/noe\/category\/traismauer\/#breadcrumb\",\"itemListElement\":[{\"@type\":\"ListItem\",\"position\":1,\"name\":\"Startseite\",\"item\":\"https:\/\/www.radlobby.org\/noe\/\"},{\"@type\":\"ListItem\",\"position\":2,\"name\":\"Radlobby Traismauer\"}]},{\"@type\":\"WebSite\",\"@id\":\"https:\/\/www.radlobby.org\/noe\/#website\",\"url\":\"https:\/\/www.radlobby.org\/noe\/\",\"name\":\"Radlobby Nieder\u00f6sterreich\",\"description\":\"Radverkehr, Fahrrad, Radfahren, Radreisen, Radtouren, Radweg\",\"publisher\":{\"@id\":\"https:\/\/www.radlobby.org\/noe\/#organization\"},\"potentialAction\":[{\"@type\":\"SearchAction\",\"target\":{\"@type\":\"EntryPoint\",\"urlTemplate\":\"https:\/\/www.radlobby.org\/noe\/?s={search_term_string}\"},\"query-input\":{\"@type\":\"PropertyValueSpecification\",\"valueRequired\":true,\"valueName\":\"search_term_string\"}}],\"inLanguage\":\"de\"},{\"@type\":\"Organization\",\"@id\":\"https:\/\/www.radlobby.org\/noe\/#organization\",\"name\":\"Radlobby Nieder\u00f6sterreich\",\"url\":\"https:\/\/www.radlobby.org\/noe\/\",\"logo\":{\"@type\":\"ImageObject\",\"inLanguage\":\"de\",\"@id\":\"https:\/\/www.radlobby.org\/noe\/#\/schema\/logo\/image\/\",\"url\":\"https:\/\/www.radlobby.org\/noe\/wp-content\/uploads\/2017\/01\/cropped-Logo_Radlobby_Niederoesterreich_50-400px_quer-1.jpg\",\"contentUrl\":\"https:\/\/www.radlobby.org\/noe\/wp-content\/uploads\/2017\/01\/cropped-Logo_Radlobby_Niederoesterreich_50-400px_quer-1.jpg\",\"width\":450,\"height\":124,\"caption\":\"Radlobby Nieder\u00f6sterreich\"},\"image\":{\"@id\":\"https:\/\/www.radlobby.org\/noe\/#\/schema\/logo\/image\/\"},\"sameAs\":[\"https:\/\/www.facebook.com\/groups\/radfahren.in.noe\/\"]}]}<\/script>\n<!-- \/ Yoast SEO plugin. -->","yoast_head_json":{"title":"Radlobby Traismauer Archive - Radlobby Nieder\u00f6sterreich","robots":{"index":"index","follow":"follow","max-snippet":"max-snippet:-1","max-image-preview":"max-image-preview:large","max-video-preview":"max-video-preview:-1"},"canonical":"https:\/\/www.radlobby.org\/noe\/category\/traismauer\/","og_locale":"de_DE","og_type":"article","og_title":"Radlobby Traismauer Archive - Radlobby Nieder\u00f6sterreich","og_description":"Herzlicher Dank geb\u00fchrt auch\u00a0allen Verantwortlichen in der Gemeinde, die den Wunsch der Radlobby erf\u00fcllten und die ausnahmslose Einbahnregelung in der Donaustra\u00dfe aufhoben, um das Radfahren Richtung Bahnhof wieder in direkter Linie zu erm\u00f6glichen. Auch die drei Fahrradwracks, die \u00fcber ein Jahr Abstellpl\u00e4tze am Bahnhof belegten, wurden \u2013 nach Vorwarnung &#8211; von den Herren des Altstoffszentrums entsorgt.","og_url":"https:\/\/www.radlobby.org\/noe\/category\/traismauer\/","og_site_name":"Radlobby Nieder\u00f6sterreich","og_image":[{"url":"https:\/\/www.radlobby.org\/noe\/wp-content\/uploads\/2021-11_Donaustrasse-300x200.jpg","type":"","width":"","height":""}],"twitter_card":"summary_large_image","schema":{"@context":"https:\/\/schema.org","@graph":[{"@type":"CollectionPage","@id":"https:\/\/www.radlobby.org\/noe\/category\/traismauer\/","url":"https:\/\/www.radlobby.org\/noe\/category\/traismauer\/","name":"Radlobby Traismauer Archive - Radlobby Nieder\u00f6sterreich","isPartOf":{"@id":"https:\/\/www.radlobby.org\/noe\/#website"},"breadcrumb":{"@id":"https:\/\/www.radlobby.org\/noe\/category\/traismauer\/#breadcrumb"},"inLanguage":"de"},{"@type":"BreadcrumbList","@id":"https:\/\/www.radlobby.org\/noe\/category\/traismauer\/#breadcrumb","itemListElement":[{"@type":"ListItem","position":1,"name":"Startseite","item":"https:\/\/www.radlobby.org\/noe\/"},{"@type":"ListItem","position":2,"name":"Radlobby Traismauer"}]},{"@type":"WebSite","@id":"https:\/\/www.radlobby.org\/noe\/#website","url":"https:\/\/www.radlobby.org\/noe\/","name":"Radlobby Nieder\u00f6sterreich","description":"Radverkehr, Fahrrad, Radfahren, Radreisen, Radtouren, Radweg","publisher":{"@id":"https:\/\/www.radlobby.org\/noe\/#organization"},"potentialAction":[{"@type":"SearchAction","target":{"@type":"EntryPoint","urlTemplate":"https:\/\/www.radlobby.org\/noe\/?s={search_term_string}"},"query-input":{"@type":"PropertyValueSpecification","valueRequired":true,"valueName":"search_term_string"}}],"inLanguage":"de"},{"@type":"Organization","@id":"https:\/\/www.radlobby.org\/noe\/#organization","name":"Radlobby Nieder\u00f6sterreich","url":"https:\/\/www.radlobby.org\/noe\/","logo":{"@type":"ImageObject","inLanguage":"de","@id":"https:\/\/www.radlobby.org\/noe\/#\/schema\/logo\/image\/","url":"https:\/\/www.radlobby.org\/noe\/wp-content\/uploads\/2017\/01\/cropped-Logo_Radlobby_Niederoesterreich_50-400px_quer-1.jpg","contentUrl":"https:\/\/www.radlobby.org\/noe\/wp-content\/uploads\/2017\/01\/cropped-Logo_Radlobby_Niederoesterreich_50-400px_quer-1.jpg","width":450,"height":124,"caption":"Radlobby Nieder\u00f6sterreich"},"image":{"@id":"https:\/\/www.radlobby.org\/noe\/#\/schema\/logo\/image\/"},"sameAs":["https:\/\/www.facebook.com\/groups\/radfahren.in.noe\/"]}]}},"_links":{"self":[{"href":"https:\/\/www.radlobby.org\/noe\/wp-json\/wp\/v2\/categories\/412","targetHints":{"allow":["GET"]}}],"collection":[{"href":"https:\/\/www.radlobby.org\/noe\/wp-json\/wp\/v2\/categories"}],"about":[{"href":"https:\/\/www.radlobby.org\/noe\/wp-json\/wp\/v2\/taxonomies\/category"}],"wp:post_type":[{"href":"https:\/\/www.radlobby.org\/noe\/wp-json\/wp\/v2\/posts?categories=412"}],"curies":[{"name":"wp","href":"https:\/\/api.w.org\/{rel}","templated":true}]}}